{"id":67177,"date":"2021-06-01T18:07:35","date_gmt":"2021-06-01T16:07:35","guid":{"rendered":"https:\/\/www.messinaoggi.it\/website\/2021\/06\/01\/vaccini-figliuolo-giugno-il-mese-della-svolta\/"},"modified":"2021-06-01T18:07:35","modified_gmt":"2021-06-01T16:07:35","slug":"vaccini-figliuolo-giugno-il-mese-della-svolta","status":"publish","type":"post","link":"https:\/\/www.messinaoggi.it\/website\/2021\/06\/01\/vaccini-figliuolo-giugno-il-mese-della-svolta\/","title":{"rendered":"Vaccini, Figliuolo \u201cGiugno il mese della svolta\u201d"},"content":{"rendered":"<div>ROMA (ITALPRESS) &#8211; &#8220;L&#8217;Italia quando fa squadra vince, non sono parole, sono fatti. Oggi supereremo le 35 milioni di somministrazioni e questo d\u00e0 l&#8217;idea di cosa si stia facendo insieme, con le buone pratiche, come quelle di oggi&#8221;. Lo ha detto il generale dell&#8217;esercito e commissario all&#8217;emergenza Covid-19, Francesco Paolo Figliuolo, nel corso del suo intervento all&#8217;inaugurazione dell&#8217;Hub vaccinale all&#8217;Auditorium della tecnica nella sede di Confindustria a Roma. &#8220;Si costruisce una capacit\u00e0 a favore dei cittadini oltre 2500 punti vaccinali &#8211; ha aggiunto -. L&#8217;Italia ha gi\u00e0 tutto, basta avere buona volont\u00e0 e i numeri ci stanno dando ragione, oggi siamo al 91% degli over 80. Dobbiamo andare avanti&#8221;. &#8220;Ieri Aifa &#8211; ha ricordato Figliuolo &#8211; ha dato la possibilit\u00e0 di vaccinare dai 12 anni in su, ossia altri 2,3 milioni e su questo dobbiamo affidarci ai pediatri di libera scelta. A giugno daremo la spallata, il mese di svolta con oltre 20 milioni di vaccino in arrivo, stiamo distribuendo in queste ore oltre 3 milioni di dosi di Pfizer. Gli accordi sono stati fatti con tutte le associazioni, dal 3 cominceremo a vaccinare in maniera massima le classi produttive, fabbriche, aziende e tutto il settore turistico alberghiero&#8221;.<br \/>(ITALPRESS).<\/div>\n<div id=\"div-gpt-ad-Messinaoggi.it-DSK-300x250-corpoart\" style=\"text-align:center;margin:0 auto;\"><\/div><\/p><div id=\"videoincontent\" style=\"clear:both\";><\/div>","protected":false},"excerpt":{"rendered":"<p>ROMA (ITALPRESS) &#8211; &#8220;L&#8217;Italia quando fa squadra vince, non sono parole, sono fatti. Oggi supereremo le 35 milioni di somministrazioni e questo d\u00e0 l&#8217;idea di cosa si stia facendo insieme, con le buone pratiche, come quelle di oggi&#8221;. Lo ha detto il generale dell&#8217;esercito e commissario all&#8217;emergenza Covid-19, Francesco Paolo Figliuolo, nel corso del suo [&hellip;]<\/p>\n","protected":false},"author":18,"featured_media":67178,"comment_status":"closed","ping_status":"closed","sticky":false,"template":"","format":"standard","meta":{"ub_ctt_via":"","_mi_skip_tracking":false},"categories":[446],"tags":[783],"featured_image_src":"https:\/\/www.messinaoggi.it\/website\/wp-content\/uploads\/2021\/06\/20210601_1633.jpg","author_info":{"display_name":"Admin","author_link":"https:\/\/www.messinaoggi.it\/website\/author\/admin\/"},"digistream_id":0,"digistream":false,"_links":{"self":[{"href":"https:\/\/www.messinaoggi.it\/website\/wp-json\/wp\/v2\/posts\/67177"}],"collection":[{"href":"https:\/\/www.messinaoggi.it\/website\/wp-json\/wp\/v2\/posts"}],"about":[{"href":"https:\/\/www.messinaoggi.it\/website\/wp-json\/wp\/v2\/types\/post"}],"author":[{"embeddable":true,"href":"https:\/\/www.messinaoggi.it\/website\/wp-json\/wp\/v2\/users\/18"}],"replies":[{"embeddable":true,"href":"https:\/\/www.messinaoggi.it\/website\/wp-json\/wp\/v2\/comments?post=67177"}],"version-history":[{"count":0,"href":"https:\/\/www.messinaoggi.it\/website\/wp-json\/wp\/v2\/posts\/67177\/revisions"}],"wp:featuredmedia":[{"embeddable":true,"href":"https:\/\/www.messinaoggi.it\/website\/wp-json\/wp\/v2\/media\/67178"}],"wp:attachment":[{"href":"https:\/\/www.messinaoggi.it\/website\/wp-json\/wp\/v2\/media?parent=67177"}],"wp:term":[{"taxonomy":"category","embeddable":true,"href":"https:\/\/www.messinaoggi.it\/website\/wp-json\/wp\/v2\/categories?post=67177"},{"taxonomy":"post_tag","embeddable":true,"href":"https:\/\/www.messinaoggi.it\/website\/wp-json\/wp\/v2\/tags?post=67177"}],"curies":[{"name":"wp","href":"https:\/\/api.w.org\/{rel}","templated":true}]}}