{"id":67144,"date":"2021-06-01T16:07:36","date_gmt":"2021-06-01T14:07:36","guid":{"rendered":"https:\/\/www.messinaoggi.it\/website\/2021\/06\/01\/mattarella-con-ripartenza-per-il-paese-opportunita-di-ampio-respiro\/"},"modified":"2021-06-01T16:07:36","modified_gmt":"2021-06-01T14:07:36","slug":"mattarella-con-ripartenza-per-il-paese-opportunita-di-ampio-respiro","status":"publish","type":"post","link":"https:\/\/www.messinaoggi.it\/website\/2021\/06\/01\/mattarella-con-ripartenza-per-il-paese-opportunita-di-ampio-respiro\/","title":{"rendered":"Mattarella \u201cCon ripartenza per il Paese opportunit\u00e0 di ampio respiro\u201d"},"content":{"rendered":"<div>ROMA (ITALPRESS) &#8211; &#8220;La comunit\u00e0 nazionale, che intraprende il delicato percorso verso il definitivo superamento del periodo emergenziale, celebra quest&#8217;anno la ricorrenza del 2 giugno nel segno dell&#8217;impegno collettivo per il rilancio del Paese e della ricerca di nuove prospettive di sviluppo e modernizzazione. Se ora possiamo guardare con maggiore fiducia al futuro, \u00e8 soprattutto grazie alla ricchezza di risorse che il Paese ha saputo trovare o riscoprire e all&#8217;apporto unitario che ciascuno, non senza sacrificio, ha offerto&#8221;. Cos\u00ec il presidente della Repubblica, Sergio Mattarella, in un messaggio inviato ai Prefetti d&#8217;Italia in occasione della Festa della Repubblica.<br \/>\n&#8220;La mia gratitudine va a ciascun cittadino che, con il proprio senso civico e il rispetto delle regole, ha dato il suo personale contributo alla lotta contro il virus. Il mio pensiero, in particolare, \u00e8 per gli anziani e i giovani, radici e futuro della Nazione, che hanno subito in modo rilevante, nei propri percorsi di vita, l&#8217;impatto della crisi. Nella Festa della Repubblica &#8211; aggiunge -, il nostro commosso omaggio va a coloro che, ancora in molti, sono stati colpiti dal contagio e hanno perso la vita, con un carico di sofferenza che appartiene a tutta la collettivit\u00e0.<br \/>\nDella comune tensione alla ripresa, sono indice, in particolare, gli sforzi profusi sul territorio per assicurare efficienza alla campagna vaccinale, un ritorno a condizioni di normalit\u00e0 in ambito scolastico e il graduale riavvio di tutte le attivit\u00e0 economiche, sociali, culturali. Il Paese &#8211; sottolinea il capo dello Stato &#8211; \u00e8 ora di fronte a opportunit\u00e0 di ampio respiro, grazie anche alle pianificazioni e agli investimenti a livello europeo&#8221;.<br \/>\n(ITALPRESS).<\/div>\n<div id=\"div-gpt-ad-Messinaoggi.it-DSK-300x250-corpoart\" style=\"text-align:center;margin:0 auto;\"><\/div><\/p><div id=\"videoincontent\" style=\"clear:both\";><\/div>","protected":false},"excerpt":{"rendered":"<p>ROMA (ITALPRESS) &#8211; &#8220;La comunit\u00e0 nazionale, che intraprende il delicato percorso verso il definitivo superamento del periodo emergenziale, celebra quest&#8217;anno la ricorrenza del 2 giugno nel segno dell&#8217;impegno collettivo per il rilancio del Paese e della ricerca di nuove prospettive di sviluppo e modernizzazione. Se ora possiamo guardare con maggiore fiducia al futuro, \u00e8 soprattutto [&hellip;]<\/p>\n","protected":false},"author":18,"featured_media":67145,"comment_status":"closed","ping_status":"closed","sticky":false,"template":"","format":"standard","meta":{"ub_ctt_via":"","_mi_skip_tracking":false},"categories":[446],"tags":[783],"featured_image_src":"https:\/\/www.messinaoggi.it\/website\/wp-content\/uploads\/2021\/06\/20210601_1115.jpg","author_info":{"display_name":"Admin","author_link":"https:\/\/www.messinaoggi.it\/website\/author\/admin\/"},"digistream_id":0,"digistream":false,"_links":{"self":[{"href":"https:\/\/www.messinaoggi.it\/website\/wp-json\/wp\/v2\/posts\/67144"}],"collection":[{"href":"https:\/\/www.messinaoggi.it\/website\/wp-json\/wp\/v2\/posts"}],"about":[{"href":"https:\/\/www.messinaoggi.it\/website\/wp-json\/wp\/v2\/types\/post"}],"author":[{"embeddable":true,"href":"https:\/\/www.messinaoggi.it\/website\/wp-json\/wp\/v2\/users\/18"}],"replies":[{"embeddable":true,"href":"https:\/\/www.messinaoggi.it\/website\/wp-json\/wp\/v2\/comments?post=67144"}],"version-history":[{"count":0,"href":"https:\/\/www.messinaoggi.it\/website\/wp-json\/wp\/v2\/posts\/67144\/revisions"}],"wp:featuredmedia":[{"embeddable":true,"href":"https:\/\/www.messinaoggi.it\/website\/wp-json\/wp\/v2\/media\/67145"}],"wp:attachment":[{"href":"https:\/\/www.messinaoggi.it\/website\/wp-json\/wp\/v2\/media?parent=67144"}],"wp:term":[{"taxonomy":"category","embeddable":true,"href":"https:\/\/www.messinaoggi.it\/website\/wp-json\/wp\/v2\/categories?post=67144"},{"taxonomy":"post_tag","embeddable":true,"href":"https:\/\/www.messinaoggi.it\/website\/wp-json\/wp\/v2\/tags?post=67144"}],"curies":[{"name":"wp","href":"https:\/\/api.w.org\/{rel}","templated":true}]}}