{"id":67081,"date":"2021-06-01T10:07:32","date_gmt":"2021-06-01T08:07:32","guid":{"rendered":"https:\/\/www.messinaoggi.it\/website\/2021\/06\/01\/poeta-epap-diffondere-la-cultura-previdenziale-e-del-welfare-attivo\/"},"modified":"2021-06-01T10:07:32","modified_gmt":"2021-06-01T08:07:32","slug":"poeta-epap-diffondere-la-cultura-previdenziale-e-del-welfare-attivo","status":"publish","type":"post","link":"https:\/\/www.messinaoggi.it\/website\/2021\/06\/01\/poeta-epap-diffondere-la-cultura-previdenziale-e-del-welfare-attivo\/","title":{"rendered":"Poeta (Epap) \u201cDiffondere la cultura previdenziale e del welfare attivo\u201d"},"content":{"rendered":"<div>ROMA (ITALPRESS) &#8211; &#8220;La necessit\u00e0 degli enti di previdenza \u00e8 parlare di cultura previdenziale e diffonderla&#8221;. Cos\u00ec Stefano Poeta, presidente di Epap, l&#8217;ente di previdenza ed assistenza pluricategoriale, intervistato da Claudio Brachino per la rubrica &#8220;Primo Piano&#8221; dell&#8217;Agenzia Italpress.<br \/>&#8220;In Italia &#8211; ha sottolineato &#8211; abbiamo avuto un momento epocale: il cambiamento del sistema di calcolo della pensione dal retributivo al contributivo. Non pi\u00f9 un calcolo sugli ultimi cinque anni di reddito del lavoratore, ma una pensione che si costruisce dal primo giorno lavorativo&#8221;. Secondo Poeta, quindi, diffondere la cultura previdenziale &#8220;significa far capire all&#8217;iscritto, al collega, che dal primo giorno deve pensare a versare in ente di previdenza nel proprio montante, nel proprio salvadanaio&#8221;. Per il presidente di Epap, da un lato il sistema contributivo &#8220;ci d\u00e0 una garanzia su quello che versiamo&#8221;, dall&#8217;altro per\u00f2 &#8220;ci dice che le pensioni in linea generale sono assolutamente pi\u00f9 basse. Noi oggi, come ente di previdenza nuovo &#8211; ha spiegato -, abbiamo sicuramente una sostenibilit\u00e0 dell&#8217;ente a 30-50 anni ma non un&#8217;adeguatezza delle pensioni. Il problema \u00e8 reale: rischiamo di partorire tra 30 anni una schiera di cittadini italiani che graveranno sulla spesa sociale del Paese&#8221;.<br \/>L&#8217;Epap, poi, ha una sua specificit\u00e0, dal momento che \u00e8 pluricategoriale. &#8220;Il nostro ente di previdenza si caratterizza &#8211; ha sottolineato &#8211; per avere dentro quattro categorie professionali, i dottori agronomi e dottori forestali, i chimici e fisici, gli attuari e i geologi. Abbiamo quattro categorie, quindi quattro culture, quattro problematiche diverse, quattro approcci alla professione diversi&#8221;.<br \/>E c&#8217;\u00e8 anche la questione dei giovani che, per Poeta, hanno &#8220;una potenzialit\u00e0 enorme&#8221;. Il giovane \u00e8 &#8220;una fucina di idee&#8221; e &#8220;ha in mente doti tali da potere sviluppare la propria vita senza bisogno di aiuti. Ai giovani non va dato un contributo o assistenza ma opportunit\u00e0&#8221;, ha spiegato. Se l&#8217;istituzione pubblica, quindi, &#8220;accompagna&#8221; il giovane &#8220;nelle sue prerogative ancora, magari, non esplorate, vengono fuori potenzialit\u00e0, in Italia e nel meridione&#8221;. Occorre &#8220;spostare l&#8217;asse: garantire il bisogno del professionista &#8211; ha affermato &#8211; ma anche stargli vicino durante la fase lavorativa, ad inizio attivit\u00e0. Quella \u00e8 la scommessa, quella la vittoria di un ente di previdenza e di un&#8217;istituzione che deve guardare ai giovani. Su quello ci giochiamo la credibilit\u00e0&#8221;.<br \/>&#8220;Il welfare attivo &#8211; ha spiegato Poeta &#8211; \u00e8 la scommessa che abbiamo come enti di previdenza, \u00e8 quell&#8217;attivit\u00e0 che l&#8217;ente ha gi\u00e0 messo in essere. Quando abbiamo cambiato lo statuto nel 2019 abbiamo inserito lo scopo di poter formare e accompagnare il giovane professionista durante l&#8217;attivit\u00e0 lavorativa&#8221;.<br \/>(ITALPRESS).<\/div>\n<div id=\"div-gpt-ad-Messinaoggi.it-DSK-300x250-corpoart\" style=\"text-align:center;margin:0 auto;\"><\/div><\/p><div id=\"videoincontent\" style=\"clear:both\";><\/div>","protected":false},"excerpt":{"rendered":"<p>ROMA (ITALPRESS) &#8211; &#8220;La necessit\u00e0 degli enti di previdenza \u00e8 parlare di cultura previdenziale e diffonderla&#8221;. Cos\u00ec Stefano Poeta, presidente di Epap, l&#8217;ente di previdenza ed assistenza pluricategoriale, intervistato da Claudio Brachino per la rubrica &#8220;Primo Piano&#8221; dell&#8217;Agenzia Italpress.&#8220;In Italia &#8211; ha sottolineato &#8211; abbiamo avuto un momento epocale: il cambiamento del sistema di calcolo [&hellip;]<\/p>\n","protected":false},"author":18,"featured_media":67082,"comment_status":"closed","ping_status":"closed","sticky":false,"template":"","format":"standard","meta":{"ub_ctt_via":"","_mi_skip_tracking":false},"categories":[446],"tags":[783],"featured_image_src":"https:\/\/www.messinaoggi.it\/website\/wp-content\/uploads\/2021\/06\/20210601_0164.jpg","author_info":{"display_name":"Admin","author_link":"https:\/\/www.messinaoggi.it\/website\/author\/admin\/"},"digistream_id":0,"digistream":false,"_links":{"self":[{"href":"https:\/\/www.messinaoggi.it\/website\/wp-json\/wp\/v2\/posts\/67081"}],"collection":[{"href":"https:\/\/www.messinaoggi.it\/website\/wp-json\/wp\/v2\/posts"}],"about":[{"href":"https:\/\/www.messinaoggi.it\/website\/wp-json\/wp\/v2\/types\/post"}],"author":[{"embeddable":true,"href":"https:\/\/www.messinaoggi.it\/website\/wp-json\/wp\/v2\/users\/18"}],"replies":[{"embeddable":true,"href":"https:\/\/www.messinaoggi.it\/website\/wp-json\/wp\/v2\/comments?post=67081"}],"version-history":[{"count":0,"href":"https:\/\/www.messinaoggi.it\/website\/wp-json\/wp\/v2\/posts\/67081\/revisions"}],"wp:featuredmedia":[{"embeddable":true,"href":"https:\/\/www.messinaoggi.it\/website\/wp-json\/wp\/v2\/media\/67082"}],"wp:attachment":[{"href":"https:\/\/www.messinaoggi.it\/website\/wp-json\/wp\/v2\/media?parent=67081"}],"wp:term":[{"taxonomy":"category","embeddable":true,"href":"https:\/\/www.messinaoggi.it\/website\/wp-json\/wp\/v2\/categories?post=67081"},{"taxonomy":"post_tag","embeddable":true,"href":"https:\/\/www.messinaoggi.it\/website\/wp-json\/wp\/v2\/tags?post=67081"}],"curies":[{"name":"wp","href":"https:\/\/api.w.org\/{rel}","templated":true}]}}