{"id":67070,"date":"2021-06-01T09:07:34","date_gmt":"2021-06-01T07:07:34","guid":{"rendered":"https:\/\/www.messinaoggi.it\/website\/2021\/06\/01\/meloni-basta-limitazioni-alla-liberta-accelerare-con-le-riaperture\/"},"modified":"2021-06-01T09:07:34","modified_gmt":"2021-06-01T07:07:34","slug":"meloni-basta-limitazioni-alla-liberta-accelerare-con-le-riaperture","status":"publish","type":"post","link":"https:\/\/www.messinaoggi.it\/website\/2021\/06\/01\/meloni-basta-limitazioni-alla-liberta-accelerare-con-le-riaperture\/","title":{"rendered":"Meloni \u201cBasta limitazioni alla libert\u00e0, accelerare con le riaperture\u201d"},"content":{"rendered":"<div>ROMA (ITALPRESS) &#8211; &#8220;Il risultato non lo cerco per me, ma per gli italiani. Ho detto che avremmo fatto un&#8217;opposizione patriottica e responsabile, non cambio idea. Quindi sollever\u00f2 il tema delle limitazioni della libert\u00e0 personale che non pu\u00f2 pi\u00f9 essere sottaciuto, insister\u00f2 perch\u00e8 si acceleri quanto pi\u00f9 possibile sulle riaperture interrompendo la continuit\u00e0 di azione &#8211; su questo piano &#8211; con il governo Conte&#8221;. Lo dice il presidente di Fratelli d&#8217;Italia, Giorgia Meloni, in un&#8217;intervista al Corriere della Sera, in merito all&#8217;incontro in programma gioved\u00ec 3 giugno con il premier Mario Draghi.<br \/>&#8220;Purtroppo non basta bloccare i licenziamenti per salvare posti di lavoro, bastasse un editto del governo sarebbe tutto pi\u00f9 facile. Il vero problema da affrontare \u00e8 che il 40% delle aziende rischia la chiusura, con il risultato che milioni di italiani finirebbero per strada in ogni caso&#8221;, sottolinea Meloni, per la quale &#8220;bisogna concentrarsi sula tenuta delle imprese, sulla loro continuit\u00e0. Per paradosso, imponendo il blocco dei licenziamenti si favoriscono i pi\u00f9 spregiudicati, quelli che non si fanno scrupolo a chiudere l&#8217;attivit\u00e0, licenziando tutti e magari non pagando tasse e fornitori, per poi riaprire una nuova attivit\u00e0 con una diversa ragione sociale. Dovremmo invece aiutare gli imprenditori che assicurano la continuit\u00e0 di impresa&#8221;.<br \/>Nel centrodestra &#8220;personalmente non ho velleit\u00e0 di fusione, credo l&#8217;esperienza del Pdl abbia dimostrato quanto sia difficile quel percorso. Ma escludo che una eventuale federazione o unione tra Lega e FI possa nascere per isolare FdI, perch\u00e8 senza di noi si perde, lo dicono i numeri &#8211; afferma ancora Meloni -. Semmai, un maggior coordinamento delle forze del centrodestra di governo serve per opporsi all&#8217;aggressivit\u00e0 della sinistra. Sul partito di Brugnaro, considero naturale che la politica si adatti alla realt\u00e0 del momento. Io ho fondato un partito che va bene, la diversit\u00e0 \u00e8 ricchezza, non \u00e8 un problema se ne nascono altri. L&#8217;importante \u00e8 sapere per fare cosa&#8221;.<br \/>(ITALPRESS).<\/div>\n<div id=\"div-gpt-ad-Messinaoggi.it-DSK-300x250-corpoart\" style=\"text-align:center;margin:0 auto;\"><\/div><\/p><div id=\"videoincontent\" style=\"clear:both\";><\/div>","protected":false},"excerpt":{"rendered":"<p>ROMA (ITALPRESS) &#8211; &#8220;Il risultato non lo cerco per me, ma per gli italiani. Ho detto che avremmo fatto un&#8217;opposizione patriottica e responsabile, non cambio idea. Quindi sollever\u00f2 il tema delle limitazioni della libert\u00e0 personale che non pu\u00f2 pi\u00f9 essere sottaciuto, insister\u00f2 perch\u00e8 si acceleri quanto pi\u00f9 possibile sulle riaperture interrompendo la continuit\u00e0 di azione [&hellip;]<\/p>\n","protected":false},"author":18,"featured_media":67071,"comment_status":"closed","ping_status":"closed","sticky":false,"template":"","format":"standard","meta":{"ub_ctt_via":"","_mi_skip_tracking":false},"categories":[446],"tags":[783],"featured_image_src":"https:\/\/www.messinaoggi.it\/website\/wp-content\/uploads\/2021\/06\/20210601_0102.jpg","author_info":{"display_name":"Admin","author_link":"https:\/\/www.messinaoggi.it\/website\/author\/admin\/"},"digistream_id":0,"digistream":false,"_links":{"self":[{"href":"https:\/\/www.messinaoggi.it\/website\/wp-json\/wp\/v2\/posts\/67070"}],"collection":[{"href":"https:\/\/www.messinaoggi.it\/website\/wp-json\/wp\/v2\/posts"}],"about":[{"href":"https:\/\/www.messinaoggi.it\/website\/wp-json\/wp\/v2\/types\/post"}],"author":[{"embeddable":true,"href":"https:\/\/www.messinaoggi.it\/website\/wp-json\/wp\/v2\/users\/18"}],"replies":[{"embeddable":true,"href":"https:\/\/www.messinaoggi.it\/website\/wp-json\/wp\/v2\/comments?post=67070"}],"version-history":[{"count":0,"href":"https:\/\/www.messinaoggi.it\/website\/wp-json\/wp\/v2\/posts\/67070\/revisions"}],"wp:featuredmedia":[{"embeddable":true,"href":"https:\/\/www.messinaoggi.it\/website\/wp-json\/wp\/v2\/media\/67071"}],"wp:attachment":[{"href":"https:\/\/www.messinaoggi.it\/website\/wp-json\/wp\/v2\/media?parent=67070"}],"wp:term":[{"taxonomy":"category","embeddable":true,"href":"https:\/\/www.messinaoggi.it\/website\/wp-json\/wp\/v2\/categories?post=67070"},{"taxonomy":"post_tag","embeddable":true,"href":"https:\/\/www.messinaoggi.it\/website\/wp-json\/wp\/v2\/tags?post=67070"}],"curies":[{"name":"wp","href":"https:\/\/api.w.org\/{rel}","templated":true}]}}