{"id":67036,"date":"2021-05-31T20:07:31","date_gmt":"2021-05-31T18:07:31","guid":{"rendered":"https:\/\/www.messinaoggi.it\/website\/2021\/05\/31\/crollo-funivia-il-piccolo-eitan-non-e-piu-in-pericolo-di-vita\/"},"modified":"2021-05-31T20:07:31","modified_gmt":"2021-05-31T18:07:31","slug":"crollo-funivia-il-piccolo-eitan-non-e-piu-in-pericolo-di-vita","status":"publish","type":"post","link":"https:\/\/www.messinaoggi.it\/website\/2021\/05\/31\/crollo-funivia-il-piccolo-eitan-non-e-piu-in-pericolo-di-vita\/","title":{"rendered":"Crollo funivia, il piccolo Eitan non \u00e8 pi\u00f9 in pericolo di vita"},"content":{"rendered":"<div>TORINO (ITALPRESS) &#8211; Le condizioni di Eitan Biran, il bambino di 5 anni unico sopravvissuto alla tragedia della funivia del Mottarone, sono in significativo miglioramento e questa sera la prognosi \u00e8 stata sciolta. E&#8217; in costante miglioramento sia dal punto di vista del trauma toracico, spiega una nota dell&#8217;ospedale pediatrico Regina Margherita di Torino, sia dal punto di vista del trauma addominale. Nella giornata di domani il bambino uscir\u00e0 dalla Rianimazione e sar\u00e0 trasferito in un reparto di degenza. Eitan ha sempre accanto a s\u00e8 la zia.<br \/>(ITALPRESS).<\/div>\n<div id=\"div-gpt-ad-Messinaoggi.it-DSK-300x250-corpoart\" style=\"text-align:center;margin:0 auto;\"><\/div><\/p><div id=\"videoincontent\" style=\"clear:both\";><\/div>","protected":false},"excerpt":{"rendered":"<p>TORINO (ITALPRESS) &#8211; Le condizioni di Eitan Biran, il bambino di 5 anni unico sopravvissuto alla tragedia della funivia del Mottarone, sono in significativo miglioramento e questa sera la prognosi \u00e8 stata sciolta. E&#8217; in costante miglioramento sia dal punto di vista del trauma toracico, spiega una nota dell&#8217;ospedale pediatrico Regina Margherita di Torino, sia [&hellip;]<\/p>\n","protected":false},"author":18,"featured_media":67037,"comment_status":"closed","ping_status":"closed","sticky":false,"template":"","format":"standard","meta":{"ub_ctt_via":"","_mi_skip_tracking":false},"categories":[446],"tags":[783],"featured_image_src":"https:\/\/www.messinaoggi.it\/website\/wp-content\/uploads\/2021\/05\/20210531_2429.jpg","author_info":{"display_name":"Admin","author_link":"https:\/\/www.messinaoggi.it\/website\/author\/admin\/"},"digistream_id":0,"digistream":false,"_links":{"self":[{"href":"https:\/\/www.messinaoggi.it\/website\/wp-json\/wp\/v2\/posts\/67036"}],"collection":[{"href":"https:\/\/www.messinaoggi.it\/website\/wp-json\/wp\/v2\/posts"}],"about":[{"href":"https:\/\/www.messinaoggi.it\/website\/wp-json\/wp\/v2\/types\/post"}],"author":[{"embeddable":true,"href":"https:\/\/www.messinaoggi.it\/website\/wp-json\/wp\/v2\/users\/18"}],"replies":[{"embeddable":true,"href":"https:\/\/www.messinaoggi.it\/website\/wp-json\/wp\/v2\/comments?post=67036"}],"version-history":[{"count":0,"href":"https:\/\/www.messinaoggi.it\/website\/wp-json\/wp\/v2\/posts\/67036\/revisions"}],"wp:featuredmedia":[{"embeddable":true,"href":"https:\/\/www.messinaoggi.it\/website\/wp-json\/wp\/v2\/media\/67037"}],"wp:attachment":[{"href":"https:\/\/www.messinaoggi.it\/website\/wp-json\/wp\/v2\/media?parent=67036"}],"wp:term":[{"taxonomy":"category","embeddable":true,"href":"https:\/\/www.messinaoggi.it\/website\/wp-json\/wp\/v2\/categories?post=67036"},{"taxonomy":"post_tag","embeddable":true,"href":"https:\/\/www.messinaoggi.it\/website\/wp-json\/wp\/v2\/tags?post=67036"}],"curies":[{"name":"wp","href":"https:\/\/api.w.org\/{rel}","templated":true}]}}