{"id":66996,"date":"2021-05-31T18:07:33","date_gmt":"2021-05-31T16:07:33","guid":{"rendered":"https:\/\/www.messinaoggi.it\/website\/2021\/05\/31\/covid-commissione-ue-no-test-di-viaggio-e-quarantena-per-i-vaccinati\/"},"modified":"2021-05-31T21:41:29","modified_gmt":"2021-05-31T19:41:29","slug":"covid-commissione-ue-no-test-di-viaggio-e-quarantena-per-i-vaccinati","status":"publish","type":"post","link":"https:\/\/www.messinaoggi.it\/website\/2021\/05\/31\/covid-commissione-ue-no-test-di-viaggio-e-quarantena-per-i-vaccinati\/","title":{"rendered":"Covid, Commissione UE: no test di viaggio e quarantena per i vaccinati"},"content":{"rendered":"<div>BRUXELLES (ITALPRESS) &#8211; Con il miglioramento della situazione epidemiologica e l&#8217;accelerazione delle campagne di vaccinazione in tutta l&#8217;UE, la Commissione propone che gli Stati membri alleggeriscano gradualmente le misure di viaggio. La Commissione ha inoltre proposto di aggiornare i criteri comuni per le aree a rischio e di introdurre un &#8220;freno d&#8217;emergenza&#8221;, per far fronte a eventuali recrudescenze della pandemia, causate da nuove varianti ritenute preoccupanti.<br \/>Secondo Didier Reynders, Commissario per la Giustizia, &#8220;le ultime settimane hanno portato a una continua tendenza al ribasso dei numeri dell&#8217;infezione, a dimostrazione del successo delle campagne di vaccinazione in tutta l&#8217;UE. Parallelamente, stiamo anche incoraggiando la possibilit\u00e0 di test accessibili e ampiamente disponibili. In questo contesto, gli Stati membri stanno ora lentamente revocando le restrizioni COVID-19 sia a livello nazionale che per quanto riguarda i viaggi. Oggi proponiamo che gli Stati membri coordinino questa graduale revoca delle restrizioni alla libera circolazione, tenendo conto del nostro nuovo strumento comune: il certificato digitale Covid dell&#8217;Ue. Ora ci aspettiamo che gli Stati membri utilizzino al meglio questo strumento e la raccomandazione per consentire a tutti di circolare di nuovo liberamente e in sicurezza&#8221;.<br \/>Stella Kyriakides, commissario per la salute e la sicurezza alimentare, ha sottolineato che &#8220;la libert\u00e0 di movimento \u00e8 uno dei diritti pi\u00f9 cari ai cittadini dell&#8217;UE: abbiamo bisogno di approcci coordinati e prevedibili per i nostri cittadini che offrano chiarezza ed evitino requisiti incoerenti tra gli Stati membri. Vogliamo poterci muovere verso la riapertura delle nostre societ\u00e0 nelle prossime settimane in modo sicuro e coordinato. Poich\u00e8 la vaccinazione sta progredendo a velocit\u00e0 crescente, possiamo essere certi che la libera circolazione sicura e senza restrizioni possa riprendere gradualmente. Mentre guardiamo avanti con pi\u00f9 ottimismo, dobbiamo rimanere cauti e mettere sempre al primo posto la tutela della salute pubblica&#8221;.<br \/>Secondo la Commissione europea le persone completamente vaccinate in possesso di certificati di vaccinazione in linea con il certificato digitale Covid dell&#8217;UE dovrebbero essere esentate dal test di viaggio o dalla quarantena di 14 giorni, dopo aver ricevuto l&#8217;ultima dose. Questo dovrebbe coprire anche le persone guarite che hanno ricevuto una singola dose di un vaccino.<br \/>Le persone in possesso di certificati in linea con il certificato COVID digitale dell&#8217;UE dovrebbero essere esentate dai test di viaggio o dalla quarantena durante i primi 180 giorni dopo un test covid positivo.<br \/>Per quanto riguarda il cosiddetto &#8220;freno di emergenza&#8221;, gli Stati membri dovrebbero reintrodurre misure di viaggio per le persone vaccinate e guarite se la situazione epidemiologica si deteriora rapidamente o se \u00e8 stata segnalata un&#8217;elevata prevalenza di varianti preoccupanti.<br \/>Per garantire l&#8217;unit\u00e0 familiare, i minorenni che viaggiano con i genitori dovrebbero essere esentati dalla quarantena quando i genitori non devono sottoporsi a quarantena, per esempio a causa della vaccinazione. Anche i bambini sotto i 6 anni dovrebbero essere esentati dai test relativi al viaggio.<br \/>(ITALPRESS).<\/div>\n<div id=\"div-gpt-ad-Messinaoggi.it-DSK-300x250-corpoart\" style=\"text-align:center;margin:0 auto;\"><\/div><\/p><div id=\"videoincontent\" style=\"clear:both\";><\/div>","protected":false},"excerpt":{"rendered":"<p>BRUXELLES (ITALPRESS) &#8211; Con il miglioramento della situazione epidemiologica e l&#8217;accelerazione delle campagne di vaccinazione in tutta l&#8217;UE, la Commissione propone che gli Stati membri alleggeriscano gradualmente le misure di viaggio. La Commissione ha inoltre proposto di aggiornare i criteri comuni per le aree a rischio e di introdurre un &#8220;freno d&#8217;emergenza&#8221;, per far fronte [&hellip;]<\/p>\n","protected":false},"author":18,"featured_media":66997,"comment_status":"closed","ping_status":"closed","sticky":false,"template":"","format":"standard","meta":{"ub_ctt_via":"","_mi_skip_tracking":false},"categories":[221,446],"tags":[783],"featured_image_src":"https:\/\/www.messinaoggi.it\/website\/wp-content\/uploads\/2021\/05\/20210531_1868.jpg","author_info":{"display_name":"Admin","author_link":"https:\/\/www.messinaoggi.it\/website\/author\/admin\/"},"digistream_id":0,"digistream":false,"_links":{"self":[{"href":"https:\/\/www.messinaoggi.it\/website\/wp-json\/wp\/v2\/posts\/66996"}],"collection":[{"href":"https:\/\/www.messinaoggi.it\/website\/wp-json\/wp\/v2\/posts"}],"about":[{"href":"https:\/\/www.messinaoggi.it\/website\/wp-json\/wp\/v2\/types\/post"}],"author":[{"embeddable":true,"href":"https:\/\/www.messinaoggi.it\/website\/wp-json\/wp\/v2\/users\/18"}],"replies":[{"embeddable":true,"href":"https:\/\/www.messinaoggi.it\/website\/wp-json\/wp\/v2\/comments?post=66996"}],"version-history":[{"count":1,"href":"https:\/\/www.messinaoggi.it\/website\/wp-json\/wp\/v2\/posts\/66996\/revisions"}],"predecessor-version":[{"id":67063,"href":"https:\/\/www.messinaoggi.it\/website\/wp-json\/wp\/v2\/posts\/66996\/revisions\/67063"}],"wp:featuredmedia":[{"embeddable":true,"href":"https:\/\/www.messinaoggi.it\/website\/wp-json\/wp\/v2\/media\/66997"}],"wp:attachment":[{"href":"https:\/\/www.messinaoggi.it\/website\/wp-json\/wp\/v2\/media?parent=66996"}],"wp:term":[{"taxonomy":"category","embeddable":true,"href":"https:\/\/www.messinaoggi.it\/website\/wp-json\/wp\/v2\/categories?post=66996"},{"taxonomy":"post_tag","embeddable":true,"href":"https:\/\/www.messinaoggi.it\/website\/wp-json\/wp\/v2\/tags?post=66996"}],"curies":[{"name":"wp","href":"https:\/\/api.w.org\/{rel}","templated":true}]}}