{"id":66988,"date":"2021-05-31T17:07:31","date_gmt":"2021-05-31T15:07:31","guid":{"rendered":"https:\/\/www.messinaoggi.it\/website\/2021\/05\/31\/giustizia-renzi-scuse-di-maio-sigillo-finale-sulla-storia-del-m5s\/"},"modified":"2021-05-31T21:42:19","modified_gmt":"2021-05-31T19:42:19","slug":"giustizia-renzi-scuse-di-maio-sigillo-finale-sulla-storia-del-m5s","status":"publish","type":"post","link":"https:\/\/www.messinaoggi.it\/website\/2021\/05\/31\/giustizia-renzi-scuse-di-maio-sigillo-finale-sulla-storia-del-m5s\/","title":{"rendered":"Giustizia, Renzi \u201cScuse Di Maio sigillo finale sulla storia del M5S\u201d"},"content":{"rendered":"<div>ROMA (ITALPRESS) &#8211; &#8220;Ho ricevuto molte email critiche per la mia intervista a &#8220;la Repubblica&#8221; in cui prendo atto delle scuse di Di Maio. In tanti mi hanno scritto, anche arrabbiati: &#8216;Matteo, come si fa ad accettare le scuse, dopo tutto quello che ci hanno detto? E fatto? Non si meritano nulla, sono scuse di comodo, stanno solo regolando i conti al loro intern\u00f2. Capisco la critica. Ma la politica non si fa con il risentimento, amici miei. Mai con il risentimento, mai. E poi diciamola tutta: le scuse di Di Maio sono il sigillo finale sulla storia del Movimento Cinque Stelle. Sono loro che stanno implodendo, non noi. Sono loro che devono riflettere sul loro atteggiamento&#8221;. Lo scrive il leader di Italia Viva, Matteo Renzi, nella sua enews.<br \/>Secondo Renzi &#8220;non \u00e8 in ballo, infatti, solo la vicenda dell&#8217;ex sindaco di Lodi. In quel 2016, i Cinque Stelle (con una parte dei media compiacenti) attaccarono ad alzo zero il nostro governo e la nostra esperienza politica per Lodi, per Tempa Rossa, per la Campania, per le banche. Fu il loro modo di creare il clima per vincere amministrative e referendum. Il sindaco Uggetti, ma anche i ministri Federica Guidi, Maria Elena Boschi, Claudio De Vincenti, consiglieri regionali come Raffaella Paita e Stefano Graziano, accusato ingiustamente di connivenze camorristiche, furono massacrati dalla propaganda grillina. Il fatto che, dopo cinque anni, Di Maio chieda scusa &#8211; osserva Renzi &#8211; non ci restituir\u00e0 il Governo e non ci risarcir\u00e0 dal dolore che hanno dovuto subire soprattutto le nostre famiglie. Ma \u00e8 l&#8217;ennesima conferma che il tempo \u00e8 galantuomo&#8221;. <br \/>(ITALPRESS).<\/div>\n<div id=\"div-gpt-ad-Messinaoggi.it-DSK-300x250-corpoart\" style=\"text-align:center;margin:0 auto;\"><\/div><\/p><div id=\"videoincontent\" style=\"clear:both\";><\/div>","protected":false},"excerpt":{"rendered":"<p>ROMA (ITALPRESS) &#8211; &#8220;Ho ricevuto molte email critiche per la mia intervista a &#8220;la Repubblica&#8221; in cui prendo atto delle scuse di Di Maio. In tanti mi hanno scritto, anche arrabbiati: &#8216;Matteo, come si fa ad accettare le scuse, dopo tutto quello che ci hanno detto? E fatto? Non si meritano nulla, sono scuse di [&hellip;]<\/p>\n","protected":false},"author":18,"featured_media":66989,"comment_status":"closed","ping_status":"closed","sticky":false,"template":"","format":"standard","meta":{"ub_ctt_via":"","_mi_skip_tracking":false},"categories":[446,4],"tags":[783],"featured_image_src":"https:\/\/www.messinaoggi.it\/website\/wp-content\/uploads\/2021\/05\/20210531_1617.jpg","author_info":{"display_name":"Admin","author_link":"https:\/\/www.messinaoggi.it\/website\/author\/admin\/"},"digistream_id":0,"digistream":false,"_links":{"self":[{"href":"https:\/\/www.messinaoggi.it\/website\/wp-json\/wp\/v2\/posts\/66988"}],"collection":[{"href":"https:\/\/www.messinaoggi.it\/website\/wp-json\/wp\/v2\/posts"}],"about":[{"href":"https:\/\/www.messinaoggi.it\/website\/wp-json\/wp\/v2\/types\/post"}],"author":[{"embeddable":true,"href":"https:\/\/www.messinaoggi.it\/website\/wp-json\/wp\/v2\/users\/18"}],"replies":[{"embeddable":true,"href":"https:\/\/www.messinaoggi.it\/website\/wp-json\/wp\/v2\/comments?post=66988"}],"version-history":[{"count":1,"href":"https:\/\/www.messinaoggi.it\/website\/wp-json\/wp\/v2\/posts\/66988\/revisions"}],"predecessor-version":[{"id":67065,"href":"https:\/\/www.messinaoggi.it\/website\/wp-json\/wp\/v2\/posts\/66988\/revisions\/67065"}],"wp:featuredmedia":[{"embeddable":true,"href":"https:\/\/www.messinaoggi.it\/website\/wp-json\/wp\/v2\/media\/66989"}],"wp:attachment":[{"href":"https:\/\/www.messinaoggi.it\/website\/wp-json\/wp\/v2\/media?parent=66988"}],"wp:term":[{"taxonomy":"category","embeddable":true,"href":"https:\/\/www.messinaoggi.it\/website\/wp-json\/wp\/v2\/categories?post=66988"},{"taxonomy":"post_tag","embeddable":true,"href":"https:\/\/www.messinaoggi.it\/website\/wp-json\/wp\/v2\/tags?post=66988"}],"curies":[{"name":"wp","href":"https:\/\/api.w.org\/{rel}","templated":true}]}}