{"id":66949,"date":"2021-05-31T15:00:33","date_gmt":"2021-05-31T13:00:33","guid":{"rendered":"http:\/\/www.messinaoggi.it\/website\/?p=66949"},"modified":"2021-05-31T14:07:21","modified_gmt":"2021-05-31T12:07:21","slug":"via-primo-settembre-dibattito-ed-aggiornamento-al-21-giugno","status":"publish","type":"post","link":"https:\/\/www.messinaoggi.it\/website\/2021\/05\/31\/via-primo-settembre-dibattito-ed-aggiornamento-al-21-giugno\/","title":{"rendered":"Via Primo Settembre, dibattito ed aggiornamento al 21 giugno"},"content":{"rendered":"\n<p>La Prima Commissione Viabilit\u00e0, presieduta dal Consigliere comunale Libero Gioveni, ha trattato questa mattina i temi legati alla pedonalizzazione di via Primo Settembre per la quale \u201canche una sentenza del Tar \u2013 dichiara il Presidente Gioveni \u2013 aveva disposto il divieto di transito a tutti, senza alcuna distinzione di mezzi o categorie\u201d.<div id=\"div-gpt-ad-Messinaoggi.it-DSK-300x250-corpoart\" style=\"text-align:center;margin:0 auto;\"><\/div><\/p>\n\n\n\n<p>Presenti alla seduta il dirigente del Dipartimento Servizi Territoriali ed Urbanistici Antonio Cardia, il presidente dell\u2019Associazione \u201cRadio Taxi Jolly\u201d ed Ermelinda Curr\u00f2 in rappresentanza del Comitato \u201cIsola pedonale piazza Duomo\u201d.<div id=\"videoincontent\" style=\"clear:both\";><\/div><\/p>\n\n\n\n<p>&#8220;Durante il dibattito \u2013 aggiunge Gioveni \u2013 nel corso del quale il Comitato Isola pedonale piazza Duomo, ha anche legittimamente espresso le difficolt\u00e0 per i commercianti, \u00e8 emersa la proposta di riaprire il tratto di via Primo Settembre nelle ore diurne dal luned\u00ec al venerd\u00ec, chiudendolo di notte e nei week end. La possibile soluzione dev&#8217;essere discussa con l\u2019assessore Mondello, oggi assente giustificato, poich\u00e9 impegnato in due importanti tavoli tecnici, di cui uno in Prefettura. Tuttavia \u2013 conclude Gioveni \u2013 la Commissione, nel voler chiarire definitivamente la questione e nel prendere atto, come chiarito dallo stesso dirigente Cardia, che si riveleranno determinanti soprattutto il PGTU e il PUMS che devono essere ancora approvati dal Consiglio comunale, si \u00e8 determinata in un riaggiornamento per il prossimo 21 giugno alla presenza anche dell\u2019Amministrazione comunale&#8221;.<\/p>\n","protected":false},"excerpt":{"rendered":"<p>La Prima Commissione Viabilit\u00e0, presieduta dal Consigliere comunale Libero Gioveni, ha trattato questa mattina i temi legati alla pedonalizzazione di via Primo Settembre per la quale \u201canche una sentenza del Tar \u2013 dichiara il Presidente Gioveni \u2013 aveva disposto il divieto di transito a tutti, senza alcuna distinzione di mezzi o categorie\u201d. Presenti alla seduta [&hellip;]<\/p>\n","protected":false},"author":4,"featured_media":19540,"comment_status":"open","ping_status":"open","sticky":false,"template":"","format":"standard","meta":{"ub_ctt_via":"","_mi_skip_tracking":false},"categories":[5],"tags":[],"featured_image_src":"https:\/\/www.messinaoggi.it\/website\/wp-content\/uploads\/2018\/05\/via-primo-settembre-1.jpg","author_info":{"display_name":"redme","author_link":"https:\/\/www.messinaoggi.it\/website\/author\/redme\/"},"digistream_id":0,"digistream":false,"_links":{"self":[{"href":"https:\/\/www.messinaoggi.it\/website\/wp-json\/wp\/v2\/posts\/66949"}],"collection":[{"href":"https:\/\/www.messinaoggi.it\/website\/wp-json\/wp\/v2\/posts"}],"about":[{"href":"https:\/\/www.messinaoggi.it\/website\/wp-json\/wp\/v2\/types\/post"}],"author":[{"embeddable":true,"href":"https:\/\/www.messinaoggi.it\/website\/wp-json\/wp\/v2\/users\/4"}],"replies":[{"embeddable":true,"href":"https:\/\/www.messinaoggi.it\/website\/wp-json\/wp\/v2\/comments?post=66949"}],"version-history":[{"count":1,"href":"https:\/\/www.messinaoggi.it\/website\/wp-json\/wp\/v2\/posts\/66949\/revisions"}],"predecessor-version":[{"id":66950,"href":"https:\/\/www.messinaoggi.it\/website\/wp-json\/wp\/v2\/posts\/66949\/revisions\/66950"}],"wp:featuredmedia":[{"embeddable":true,"href":"https:\/\/www.messinaoggi.it\/website\/wp-json\/wp\/v2\/media\/19540"}],"wp:attachment":[{"href":"https:\/\/www.messinaoggi.it\/website\/wp-json\/wp\/v2\/media?parent=66949"}],"wp:term":[{"taxonomy":"category","embeddable":true,"href":"https:\/\/www.messinaoggi.it\/website\/wp-json\/wp\/v2\/categories?post=66949"},{"taxonomy":"post_tag","embeddable":true,"href":"https:\/\/www.messinaoggi.it\/website\/wp-json\/wp\/v2\/tags?post=66949"}],"curies":[{"name":"wp","href":"https:\/\/api.w.org\/{rel}","templated":true}]}}