{"id":66933,"date":"2021-05-31T13:07:33","date_gmt":"2021-05-31T11:07:33","guid":{"rendered":"https:\/\/www.messinaoggi.it\/website\/2021\/05\/31\/mattarella-le-istituzioni-siamo-noi-stessi\/"},"modified":"2021-05-31T13:07:33","modified_gmt":"2021-05-31T11:07:33","slug":"mattarella-le-istituzioni-siamo-noi-stessi","status":"publish","type":"post","link":"https:\/\/www.messinaoggi.it\/website\/2021\/05\/31\/mattarella-le-istituzioni-siamo-noi-stessi\/","title":{"rendered":"Mattarella \u201cLe istituzioni siamo noi stessi\u201d"},"content":{"rendered":"<div>ROMA (ITALPRESS) &#8211; &#8220;Arrivare alla Repubblica e alla Costituzione non \u00e8 stato facile, c&#8217;\u00e8 stata tanta gente, anche ragazzi, che ha avuto il coraggio di fare la resistenza, di lottare contro la dittatura. Oggi per fortuna \u00e8 diverso, siamo in democrazia, c&#8217;\u00e8 la libert\u00e0. Ma anche per continuare ad essere liberi, esprimerci con le nostre idee, rischiare strade nuove, ci vuole sempre il coraggio. Dove possiamo trovarlo, come sperare anche noi in un domani migliore, pi\u00f9 giusto, quando ci dicono che tutto peggiora e gi\u00e0 lasciare le cose come stanno sarebbe un successo?&#8221;<br \/>E&#8217; la domanda che Tancredi Cadili, 10 anni, rivolge al presidente<br \/>della Repubblica Sergio Mattarella, nel corso della puntata<br \/>speciale del programma &#8220;La Banda dei Fuoriclasse&#8221;, che andr\u00e0 in<br \/>onda su Rai Gulp mercoled\u00ec 2 giugno alle 15.<br \/>&#8220;Chi dice cos\u00ec sbaglia, Tancredi. Questi sono, abitualmente, pensieri di alcune persone che, invecchiando, ritengono che sia sbagliato, tutto quanto appare diverso dai loro tempi. Non si deve, mai, smettere di aver fiducia &#8211; e di impegnarsi &#8211; per un futuro migliore&#8221;, \u00e8 la risposta di Mattarella -. Se i nostri nonni, non avessero piantato alberi, pur sapendo che non li avrebbero visti crescere, oggi, le nostre citt\u00e0, sarebbero &#8211; soltanto &#8211; asfalto e cemento&#8221;.<br \/>&#8220;Se tanti giovani, come tu dicevi, non si fossero sacrificati durante la guerra di Liberazione, per la nostra libert\u00e0, oggi non saremmo liberi. Parlare soltanto delle cose che non vanno, \u00e8, un p\u00f2, un&#8217;abitudine. Bisogna parlarne, per migliorare, cambiare, certamente anche per criticare quel che non va. Ma, soprattutto, dobbiamo partecipare. Essere, cio\u00e8, protagonisti degli eventi, del cambiamento. Sarebbe sbagliato &#8211; anche &#8211; ignorare, o sottovalutare, i tanti progressi, che abbiamo fatto, nella vita della Repubblica, dalle condizioni degli anni Quaranta a quelle di oggi &#8211; spiega il capo dello Stato -. Ad esempio, con l&#8217;accesso, di tutti, all&#8217;istruzione; nei diritti; nel divieto dello sfruttamento minorile; nell&#8217;assistenza medica, gratuita per tutti. Come sarebbe la vita, di una persona malata, che non ha i soldi per le cure, se queste fossero a pagamento, come avviene in altri paesi? O se ragazzi, della vostra et\u00e0, invece di andare a scuola, fossero mandati a fare lavori pesanti. In alcune regioni, venivano inviati, persino, nelle miniere&#8221;.<br \/>&#8220;Ogni stagione, ha i suoi problemi, e le sue difficolt\u00e0, anche gravi; ma presenta, anche, dei risultati importanti. Chi di voi usa far passeggiate in montagna, sa quanto sia faticoso: ci sono momenti, in cui si pensa che non si arriver\u00e0 mai; ma, se si guarda indietro, si comprende, quanta strada, si \u00e8 &#8211; percorsa. Chi \u00e8 venuto, prima di voi, di strada ne ha fatta tanta. Ne farete anche voi, sempre pi\u00f9 avanti &#8211; conclude Mattarella -. Nel gennaio, del 1961, un giovane Presidente degli Stati Uniti, appena eletto, John Kennedy, pronunzi\u00f2 parole di grande significato: &#8220;Non chiederti cosa pu\u00f2 fare il tuo Paese per te. Chiediti, cosa puoi fare tu per il tuo Paese&#8221;. Vorrei aggiungere: \u00e8, assolutamente, giusto che, ciascuno, chieda che le Istituzioni si preoccupino della sua condizione, ma \u00e8 anche bene ricordare che le Istituzioni, in fondo, siamo noi stessi; e che riflettono quanto &#8211; noi &#8211; siamo stati capaci di fare, per il bene comune&#8221;.<br \/>(ITALPRESS).<\/div>\n<div id=\"div-gpt-ad-Messinaoggi.it-DSK-300x250-corpoart\" style=\"text-align:center;margin:0 auto;\"><\/div><\/p><div id=\"videoincontent\" style=\"clear:both\";><\/div>","protected":false},"excerpt":{"rendered":"<p>ROMA (ITALPRESS) &#8211; &#8220;Arrivare alla Repubblica e alla Costituzione non \u00e8 stato facile, c&#8217;\u00e8 stata tanta gente, anche ragazzi, che ha avuto il coraggio di fare la resistenza, di lottare contro la dittatura. Oggi per fortuna \u00e8 diverso, siamo in democrazia, c&#8217;\u00e8 la libert\u00e0. Ma anche per continuare ad essere liberi, esprimerci con le nostre [&hellip;]<\/p>\n","protected":false},"author":18,"featured_media":66934,"comment_status":"closed","ping_status":"closed","sticky":false,"template":"","format":"standard","meta":{"ub_ctt_via":"","_mi_skip_tracking":false},"categories":[446],"tags":[783],"featured_image_src":"https:\/\/www.messinaoggi.it\/website\/wp-content\/uploads\/2021\/05\/20210531_0580.jpg","author_info":{"display_name":"Admin","author_link":"https:\/\/www.messinaoggi.it\/website\/author\/admin\/"},"digistream_id":0,"digistream":false,"_links":{"self":[{"href":"https:\/\/www.messinaoggi.it\/website\/wp-json\/wp\/v2\/posts\/66933"}],"collection":[{"href":"https:\/\/www.messinaoggi.it\/website\/wp-json\/wp\/v2\/posts"}],"about":[{"href":"https:\/\/www.messinaoggi.it\/website\/wp-json\/wp\/v2\/types\/post"}],"author":[{"embeddable":true,"href":"https:\/\/www.messinaoggi.it\/website\/wp-json\/wp\/v2\/users\/18"}],"replies":[{"embeddable":true,"href":"https:\/\/www.messinaoggi.it\/website\/wp-json\/wp\/v2\/comments?post=66933"}],"version-history":[{"count":0,"href":"https:\/\/www.messinaoggi.it\/website\/wp-json\/wp\/v2\/posts\/66933\/revisions"}],"wp:featuredmedia":[{"embeddable":true,"href":"https:\/\/www.messinaoggi.it\/website\/wp-json\/wp\/v2\/media\/66934"}],"wp:attachment":[{"href":"https:\/\/www.messinaoggi.it\/website\/wp-json\/wp\/v2\/media?parent=66933"}],"wp:term":[{"taxonomy":"category","embeddable":true,"href":"https:\/\/www.messinaoggi.it\/website\/wp-json\/wp\/v2\/categories?post=66933"},{"taxonomy":"post_tag","embeddable":true,"href":"https:\/\/www.messinaoggi.it\/website\/wp-json\/wp\/v2\/tags?post=66933"}],"curies":[{"name":"wp","href":"https:\/\/api.w.org\/{rel}","templated":true}]}}