{"id":66922,"date":"2021-05-31T11:07:36","date_gmt":"2021-05-31T09:07:36","guid":{"rendered":"https:\/\/www.messinaoggi.it\/website\/2021\/05\/31\/visco-nel-2021-la-crescita-del-pil-potrebbe-superare-il-4\/"},"modified":"2021-05-31T11:07:36","modified_gmt":"2021-05-31T09:07:36","slug":"visco-nel-2021-la-crescita-del-pil-potrebbe-superare-il-4","status":"publish","type":"post","link":"https:\/\/www.messinaoggi.it\/website\/2021\/05\/31\/visco-nel-2021-la-crescita-del-pil-potrebbe-superare-il-4\/","title":{"rendered":"Visco \u201cNel 2021 la crescita del Pil potrebbe superare il 4%\u201d"},"content":{"rendered":"<div>ROMA (ITALPRESS) &#8211; &#8220;L&#8217;attivit\u00e0 produttiva si sta ora rafforzando. Nel corso dei prossimi mesi, con il prosieguo della campagna vaccinale, vi potr\u00e0 essere un&#8217;accelerazione della ripresa. Secondo le nostre indagini pi\u00f9 recenti le imprese gi\u00e0 pianificano un deciso aumento degli investimenti; le famiglie appaiono pi\u00f9 caute, ma con la normalizzazione della situazione sanitaria e la riduzione dell&#8217;incertezza l&#8217;elevato risparmio accumulato potrebbe gradualmente tradursi in maggiori consumi. Nella media dell&#8217;anno l&#8217;espansione del PIL potrebbe superare il 4%&#8221;. Cos\u00ec il Governatore della Banca d&#8217;Italia, Ignazio Visco, nelle considerazioni finali in occasione della presentazione della Relazione annuale sul 2020.<br \/>&#8220;La pandemia ha avuto in tutto il mondo un costo altissimo in termini di vite umane &#8211; ha sottolineato Visco -. Il suo contenimento ha richiesto restrizioni alle libert\u00e0 individuali e ha condizionato in modo profondo la vita di tutti. Per molti ha determinato la perdita dell&#8217;occupazione; ha modificato i rapporti interpersonali, le modalit\u00e0 di studio, di produzione e lavoro, di impiego del tempo libero. Sul piano economico la recessione che ne \u00e8 conseguita \u00e8 la pi\u00f9 grave dalla fine del secondo conflitto mondiale&#8221;.<br \/>Il Piano Nazionale di Ripresa e Resilienza &#8220;deve essere parte di uno sforzo collettivo, volto a superare le nostre debolezze strutturali, la specificit\u00e0 di una anemia della crescita economica che dura da oltre due decenni. Se, come ormai abbiamo ben compreso, non esistono soluzioni semplici ai nostri problemi, \u00e8 oggi che si presenta un&#8217;occasione decisiva per intensificare l&#8217;impegno&#8221;, ha detto ancora Visco.<br \/>&#8220;Agli interventi previsti dal Piano e al connesso, articolato, programma di riforme occorre dare massima concretezza; vanno assicurate la sicurezza e la rapidit\u00e0 dell&#8217;esecuzione, l&#8217;efficacia e la trasparenza degli impegni finanziari. Questi &#8211; ha spiegato &#8211; sono certamente di dimensioni eccezionali per la digitalizzazione e l&#8217;innovazione, la transizione ecologica e la sostenibilit\u00e0; sono altrettanto importanti le previsioni per l&#8217;istruzione e la ricerca, l&#8217;inclusione sociale e la salute &#8211; ha proseguito -; e il perseguimento delle priorit\u00e0 trasversali del riequilibrio dei divari territoriali, del sostegno alle generazioni pi\u00f9 giovani e del conseguimento della parit\u00e0 di genere non si esaurir\u00e0 con il PNRR. Si tratta di una formidabile sfida. E&#8217; essenziale che a essa partecipino con convinzione e fiducia imprese e famiglie: non \u00e8 pensabile un futuro costruito sulla base di sussidi e incentivi pubblici&#8221;. <br \/>(ITALPRESS).<\/div>\n<div id=\"div-gpt-ad-Messinaoggi.it-DSK-300x250-corpoart\" style=\"text-align:center;margin:0 auto;\"><\/div><\/p><div id=\"videoincontent\" style=\"clear:both\";><\/div>","protected":false},"excerpt":{"rendered":"<p>ROMA (ITALPRESS) &#8211; &#8220;L&#8217;attivit\u00e0 produttiva si sta ora rafforzando. Nel corso dei prossimi mesi, con il prosieguo della campagna vaccinale, vi potr\u00e0 essere un&#8217;accelerazione della ripresa. Secondo le nostre indagini pi\u00f9 recenti le imprese gi\u00e0 pianificano un deciso aumento degli investimenti; le famiglie appaiono pi\u00f9 caute, ma con la normalizzazione della situazione sanitaria e la [&hellip;]<\/p>\n","protected":false},"author":18,"featured_media":66923,"comment_status":"closed","ping_status":"closed","sticky":false,"template":"","format":"standard","meta":{"ub_ctt_via":"","_mi_skip_tracking":false},"categories":[446],"tags":[783],"featured_image_src":"https:\/\/www.messinaoggi.it\/website\/wp-content\/uploads\/2021\/05\/20210531_0273.jpg","author_info":{"display_name":"Admin","author_link":"https:\/\/www.messinaoggi.it\/website\/author\/admin\/"},"digistream_id":0,"digistream":false,"_links":{"self":[{"href":"https:\/\/www.messinaoggi.it\/website\/wp-json\/wp\/v2\/posts\/66922"}],"collection":[{"href":"https:\/\/www.messinaoggi.it\/website\/wp-json\/wp\/v2\/posts"}],"about":[{"href":"https:\/\/www.messinaoggi.it\/website\/wp-json\/wp\/v2\/types\/post"}],"author":[{"embeddable":true,"href":"https:\/\/www.messinaoggi.it\/website\/wp-json\/wp\/v2\/users\/18"}],"replies":[{"embeddable":true,"href":"https:\/\/www.messinaoggi.it\/website\/wp-json\/wp\/v2\/comments?post=66922"}],"version-history":[{"count":0,"href":"https:\/\/www.messinaoggi.it\/website\/wp-json\/wp\/v2\/posts\/66922\/revisions"}],"wp:featuredmedia":[{"embeddable":true,"href":"https:\/\/www.messinaoggi.it\/website\/wp-json\/wp\/v2\/media\/66923"}],"wp:attachment":[{"href":"https:\/\/www.messinaoggi.it\/website\/wp-json\/wp\/v2\/media?parent=66922"}],"wp:term":[{"taxonomy":"category","embeddable":true,"href":"https:\/\/www.messinaoggi.it\/website\/wp-json\/wp\/v2\/categories?post=66922"},{"taxonomy":"post_tag","embeddable":true,"href":"https:\/\/www.messinaoggi.it\/website\/wp-json\/wp\/v2\/tags?post=66922"}],"curies":[{"name":"wp","href":"https:\/\/api.w.org\/{rel}","templated":true}]}}