{"id":66920,"date":"2021-05-31T11:07:35","date_gmt":"2021-05-31T09:07:35","guid":{"rendered":"https:\/\/www.messinaoggi.it\/website\/2021\/05\/31\/gelmini-il-governo-non-ha-scadenza\/"},"modified":"2021-05-31T11:07:35","modified_gmt":"2021-05-31T09:07:35","slug":"gelmini-il-governo-non-ha-scadenza","status":"publish","type":"post","link":"https:\/\/www.messinaoggi.it\/website\/2021\/05\/31\/gelmini-il-governo-non-ha-scadenza\/","title":{"rendered":"Gelmini \u201cIl Governo non ha scadenza\u201d"},"content":{"rendered":"<div>ROMA (ITALPRESS) &#8211; &#8220;Regioni e Comuni saranno protagonisti. Questo governo non si limita a &#8220;sentire&#8221;, ma ascolta e coinvolge gli enti territoriali, senza i quali non si possono mettere a terra le risorse del Pnrr. E con il decreto governance e semplificazioni abbiamo creato le condizioni per mettere il turbo a riforme e investimenti. Cos\u00ec andremo alla velocit\u00e0 dei vaccini e con le semplificazioni preparate da Renato Brunetta, torneremo a far correre la macchina amministrativa, ricostruendo la fiducia dei cittadini nello Stato&#8221;. Lo afferma Mariastella Gelmini, ministro degli Affari regionali, in un&#8217;intervista al Corriere della Sera.<br \/>Alla domanda su quale sia l&#8217;orizzonte di questo esecutivo, Gelmini risponde: &#8220;I governi non hanno scadenza: questo esecutivo nasce per portare fuori il Paese dall&#8217;emergenza sanitaria e da quella economica. Stiamo uscendo dall&#8217;incubo della pandemia e c&#8217;\u00e8 ancora molto da fare per mettere in sicurezza le risorse del Next Generation Eu. Fatto questo la politica potr\u00e0 tornare alla sua fisiologia. Ma \u00e8 prematuro indicare una data&#8221;.<br \/>Toti e Brugnaro lanciano Coraggio Italia: \u00e8 a rischio la tenuta del partito? &#8220;Forza Italia \u00e8 stata la levatrice di questo governo, grazie all&#8217;idea lungimirante del Presidente Berlusconi che ne ha anticipato la nascita quando ancora nessuno ci pensava &#8211; sottolinea Gelmini -. E la Lega ci ha seguito. Siamo noi il naturale contenitore liberale, riformista, europeista e popolare e quindi dobbiamo accentuare il nostro ruolo e rivendicarlo con pi\u00f9 forza. Detto questo non va sottovalutata la portata di quello che \u00e8 accaduto: per ora abbiamo messo al centro della nostra azione il futuro dell&#8217;Italia, ma, messo in sicurezza il Paese, sar\u00e0 utile ricominciare a parlare del partito. Ma c&#8217;\u00e8 un tempo per ogni cosa, e la discussione su nuovi partitini, ai cittadini provati dalla crisi, rischia di apparire lunare&#8221;.<br \/>(ITALPRESS).<\/div>\n<div id=\"div-gpt-ad-Messinaoggi.it-DSK-300x250-corpoart\" style=\"text-align:center;margin:0 auto;\"><\/div><\/p><div id=\"videoincontent\" style=\"clear:both\";><\/div>","protected":false},"excerpt":{"rendered":"<p>ROMA (ITALPRESS) &#8211; &#8220;Regioni e Comuni saranno protagonisti. Questo governo non si limita a &#8220;sentire&#8221;, ma ascolta e coinvolge gli enti territoriali, senza i quali non si possono mettere a terra le risorse del Pnrr. E con il decreto governance e semplificazioni abbiamo creato le condizioni per mettere il turbo a riforme e investimenti. Cos\u00ec [&hellip;]<\/p>\n","protected":false},"author":18,"featured_media":66921,"comment_status":"closed","ping_status":"closed","sticky":false,"template":"","format":"standard","meta":{"ub_ctt_via":"","_mi_skip_tracking":false},"categories":[446],"tags":[783],"featured_image_src":"https:\/\/www.messinaoggi.it\/website\/wp-content\/uploads\/2021\/05\/20210531_0240.jpg","author_info":{"display_name":"Admin","author_link":"https:\/\/www.messinaoggi.it\/website\/author\/admin\/"},"digistream_id":0,"digistream":false,"_links":{"self":[{"href":"https:\/\/www.messinaoggi.it\/website\/wp-json\/wp\/v2\/posts\/66920"}],"collection":[{"href":"https:\/\/www.messinaoggi.it\/website\/wp-json\/wp\/v2\/posts"}],"about":[{"href":"https:\/\/www.messinaoggi.it\/website\/wp-json\/wp\/v2\/types\/post"}],"author":[{"embeddable":true,"href":"https:\/\/www.messinaoggi.it\/website\/wp-json\/wp\/v2\/users\/18"}],"replies":[{"embeddable":true,"href":"https:\/\/www.messinaoggi.it\/website\/wp-json\/wp\/v2\/comments?post=66920"}],"version-history":[{"count":0,"href":"https:\/\/www.messinaoggi.it\/website\/wp-json\/wp\/v2\/posts\/66920\/revisions"}],"wp:featuredmedia":[{"embeddable":true,"href":"https:\/\/www.messinaoggi.it\/website\/wp-json\/wp\/v2\/media\/66921"}],"wp:attachment":[{"href":"https:\/\/www.messinaoggi.it\/website\/wp-json\/wp\/v2\/media?parent=66920"}],"wp:term":[{"taxonomy":"category","embeddable":true,"href":"https:\/\/www.messinaoggi.it\/website\/wp-json\/wp\/v2\/categories?post=66920"},{"taxonomy":"post_tag","embeddable":true,"href":"https:\/\/www.messinaoggi.it\/website\/wp-json\/wp\/v2\/tags?post=66920"}],"curies":[{"name":"wp","href":"https:\/\/api.w.org\/{rel}","templated":true}]}}