{"id":6692,"date":"2017-08-22T12:16:58","date_gmt":"2017-08-22T10:16:58","guid":{"rendered":"http:\/\/www.messinaoggi.it\/website\/?p=6692"},"modified":"2017-08-22T12:16:58","modified_gmt":"2017-08-22T10:16:58","slug":"strade-provinciali-dissestate-catalfamo-che-fine-hanno-fatto-i-fondi-per-ristrutturarle","status":"publish","type":"post","link":"https:\/\/www.messinaoggi.it\/website\/2017\/08\/22\/strade-provinciali-dissestate-catalfamo-che-fine-hanno-fatto-i-fondi-per-ristrutturarle\/","title":{"rendered":"Strade Provinciali dissestate, Catalfamo: &quot;Che fine hanno fatto i fondi per ristrutturarle?&quot;"},"content":{"rendered":"<p style=\"text-align: justify\"><span style=\"color: #000000\"><span style=\"font-family: Arial, sans-serif\"><span style=\"font-size: medium\">&#8220;Lo scorso 3 maggio l\u2019assessore regionale Pistorio ha firmato un decreto che destina 90 milioni di euro per le strade provinciali. Non solo. A queste somme vanno aggiunte quelle destinate dal Patto per il Sud (136 milioni) e del Po fesr 2014-2020 (altri 70 milioni). Un totale di 300 milioni di euro per ripristinare le strade provinciali siciliane. Vorremmo capire a distanza di 4 mesi che fine hanno fatto questi soldi&#8221;. Se lo chiede il presidente dell&#8217;Associazione Prima il Territorio, Antonio Catalfamo, che denuncia le pessime condizioni in cui versano le strade provinciali messinesi, quali, ad esempio, la SP 102\/111 che collega Furnari a Tripi.<\/span><\/span><\/span><div id=\"div-gpt-ad-Messinaoggi.it-DSK-300x250-corpoart\" style=\"text-align:center;margin:0 auto;\"><\/div><\/p>\n<p style=\"text-align: justify\"><span style=\"color: #000000\"><span style=\"font-family: Arial, sans-serif\"><span style=\"font-size: medium\">&#8220;Ci dicono che i soldi non ci sono \u2013 prosegue Catalfamo \u2013 ma non \u00e8 vero, tutto questo \u00e8 il mix perfetto tra pigrizia, burocrazia e disinteresse politico&#8221;. Infatti, &#8220;spesso per destinare queste somme si usano criteri abbastanza obsoleti come il chilometraggio. Tuttavia, alcuni centri pi\u00f9 piccoli come Tripi ma anche Basic\u00f2, Montalbano Elicona, vi sono ben 5 strutture ristorative, diversi b&amp;b, hotel, bar, pasticcerie, aziende agricole. Da queste parti si vive di prodotti siciliani, passano centinaia di migliaia di consumatori, turisti, cittadini, giovani e famiglie. <\/span><\/span><\/span><div id=\"videoincontent\" style=\"clear:both\";><\/div><\/p>\n<p style=\"text-align: justify\"><span style=\"color: #000000\"><span style=\"font-family: Arial, sans-serif\"><span style=\"font-size: medium\">Deputati, senatori sono passati in questi anni per raccogliere voti per poi sparire. Lo stesso Crocetta che ha racimolato un centinaio di voti avrebbe sicuramente potuto fare di pi\u00f9. Chiediamo, che fine hanno fatto questi fondi? Chi doveva vigiliare, perch\u00e9 si \u00e8 girato dall\u2019altra parte? Questo territorio sta dimostrando di avere tanti giovani capaci, imprenditori che hanno risollevato le sorti del paese, perch\u00e9 non li stiamo aiutando?&#8221;.<\/span><\/span><\/span><\/p>\n","protected":false},"excerpt":{"rendered":"<p>&#8220;Lo scorso 3 maggio l\u2019assessore regionale Pistorio ha firmato un decreto che destina 90 milioni di euro per le strade provinciali. Non solo. A queste somme vanno aggiunte quelle destinate dal Patto per il Sud (136 milioni) e del Po fesr 2014-2020 (altri 70 milioni). Un totale di 300 milioni di euro per ripristinare le [&hellip;]<\/p>\n","protected":false},"author":8,"featured_media":6694,"comment_status":"closed","ping_status":"open","sticky":false,"template":"","format":"standard","meta":{"ub_ctt_via":"","_mi_skip_tracking":false},"categories":[4],"tags":[],"featured_image_src":"https:\/\/www.messinaoggi.it\/website\/wp-content\/uploads\/2017\/08\/strada-dissestata-2.jpg","author_info":{"display_name":"red..me","author_link":"https:\/\/www.messinaoggi.it\/website\/author\/redstage\/"},"digistream_id":0,"digistream":false,"_links":{"self":[{"href":"https:\/\/www.messinaoggi.it\/website\/wp-json\/wp\/v2\/posts\/6692"}],"collection":[{"href":"https:\/\/www.messinaoggi.it\/website\/wp-json\/wp\/v2\/posts"}],"about":[{"href":"https:\/\/www.messinaoggi.it\/website\/wp-json\/wp\/v2\/types\/post"}],"author":[{"embeddable":true,"href":"https:\/\/www.messinaoggi.it\/website\/wp-json\/wp\/v2\/users\/8"}],"replies":[{"embeddable":true,"href":"https:\/\/www.messinaoggi.it\/website\/wp-json\/wp\/v2\/comments?post=6692"}],"version-history":[{"count":0,"href":"https:\/\/www.messinaoggi.it\/website\/wp-json\/wp\/v2\/posts\/6692\/revisions"}],"wp:featuredmedia":[{"embeddable":true,"href":"https:\/\/www.messinaoggi.it\/website\/wp-json\/wp\/v2\/media\/6694"}],"wp:attachment":[{"href":"https:\/\/www.messinaoggi.it\/website\/wp-json\/wp\/v2\/media?parent=6692"}],"wp:term":[{"taxonomy":"category","embeddable":true,"href":"https:\/\/www.messinaoggi.it\/website\/wp-json\/wp\/v2\/categories?post=6692"},{"taxonomy":"post_tag","embeddable":true,"href":"https:\/\/www.messinaoggi.it\/website\/wp-json\/wp\/v2\/tags?post=6692"}],"curies":[{"name":"wp","href":"https:\/\/api.w.org\/{rel}","templated":true}]}}