{"id":66860,"date":"2021-05-30T23:07:33","date_gmt":"2021-05-30T21:07:33","guid":{"rendered":"https:\/\/www.messinaoggi.it\/website\/2021\/05\/30\/vaccino-speranza-presto-via-libera-per-12-15enni\/"},"modified":"2021-05-30T23:07:33","modified_gmt":"2021-05-30T21:07:33","slug":"vaccino-speranza-presto-via-libera-per-12-15enni","status":"publish","type":"post","link":"https:\/\/www.messinaoggi.it\/website\/2021\/05\/30\/vaccino-speranza-presto-via-libera-per-12-15enni\/","title":{"rendered":"Vaccino, Speranza \u201cPresto via libera per 12-15enni\u201d"},"content":{"rendered":"<div>ROMA (ITALPRESS) &#8211; &#8220;Vaccinare dai 12 anni in su \u00e8 molto importante. Aifa nelle prossime ore dar\u00e0 seguito a disposizioni Ema sul vaccino tra i 12 e i 15 anni, sar\u00e0 importante per la ripresa della scuola a settembre&#8221;. Lo ha detto il Ministro della Salute, Roberto Speranza, a &#8220;Che Tempo Che Fa&#8221; su Rai3.<br \/>&#8220;Dove farlo? Per me \u00e8 importante farlo dai pediatri di fiducia. Sempre nel coordinamento lo farei fare ai pediatri di libera scelta. Dobbiamo aspettare che le analisi dei nuovi dati poi ci forniscano elementi anche su fasce pi\u00f9 piccole. A settembre dobbiamo arrivare avendo vaccinato la stragrande maggioranza dei 12-15enni&#8221;. La terza dose di vaccino? &#8220;In questo momento non abbiamo certezze ma i nostri ricercatori ci dicono che sar\u00e0 molto probabile dover ricorrere a una terza dose come richiamo necessario ed eventualmente ci potranno essere anche modifiche dei vaccini per coprire le varianti. Dobbiamo passare da una fase di straordinariet\u00e0 a una di ordinariet\u00e0 nell&#8217;affrontare questa epidemia: va bene vaccinare in tutti gli spazi possibili e immaginabili, come le palestre, ma se penso a un tempo pi\u00f9 lungo i luoghi preposti alla vaccinazione devono tornare ai loro scopi originari. I 40.000 medici di medicina generale possono essere la leva essenziale per gestire la fase ordinaria&#8221;.<br \/>(ITALPRESS).<\/div>\n<div id=\"div-gpt-ad-Messinaoggi.it-DSK-300x250-corpoart\" style=\"text-align:center;margin:0 auto;\"><\/div><\/p><div id=\"videoincontent\" style=\"clear:both\";><\/div>","protected":false},"excerpt":{"rendered":"<p>ROMA (ITALPRESS) &#8211; &#8220;Vaccinare dai 12 anni in su \u00e8 molto importante. Aifa nelle prossime ore dar\u00e0 seguito a disposizioni Ema sul vaccino tra i 12 e i 15 anni, sar\u00e0 importante per la ripresa della scuola a settembre&#8221;. Lo ha detto il Ministro della Salute, Roberto Speranza, a &#8220;Che Tempo Che Fa&#8221; su Rai3.&#8220;Dove [&hellip;]<\/p>\n","protected":false},"author":18,"featured_media":66861,"comment_status":"closed","ping_status":"closed","sticky":false,"template":"","format":"standard","meta":{"ub_ctt_via":"","_mi_skip_tracking":false},"categories":[446],"tags":[783],"featured_image_src":"https:\/\/www.messinaoggi.it\/website\/wp-content\/uploads\/2021\/05\/20210530_1964.jpg","author_info":{"display_name":"Admin","author_link":"https:\/\/www.messinaoggi.it\/website\/author\/admin\/"},"digistream_id":0,"digistream":false,"_links":{"self":[{"href":"https:\/\/www.messinaoggi.it\/website\/wp-json\/wp\/v2\/posts\/66860"}],"collection":[{"href":"https:\/\/www.messinaoggi.it\/website\/wp-json\/wp\/v2\/posts"}],"about":[{"href":"https:\/\/www.messinaoggi.it\/website\/wp-json\/wp\/v2\/types\/post"}],"author":[{"embeddable":true,"href":"https:\/\/www.messinaoggi.it\/website\/wp-json\/wp\/v2\/users\/18"}],"replies":[{"embeddable":true,"href":"https:\/\/www.messinaoggi.it\/website\/wp-json\/wp\/v2\/comments?post=66860"}],"version-history":[{"count":0,"href":"https:\/\/www.messinaoggi.it\/website\/wp-json\/wp\/v2\/posts\/66860\/revisions"}],"wp:featuredmedia":[{"embeddable":true,"href":"https:\/\/www.messinaoggi.it\/website\/wp-json\/wp\/v2\/media\/66861"}],"wp:attachment":[{"href":"https:\/\/www.messinaoggi.it\/website\/wp-json\/wp\/v2\/media?parent=66860"}],"wp:term":[{"taxonomy":"category","embeddable":true,"href":"https:\/\/www.messinaoggi.it\/website\/wp-json\/wp\/v2\/categories?post=66860"},{"taxonomy":"post_tag","embeddable":true,"href":"https:\/\/www.messinaoggi.it\/website\/wp-json\/wp\/v2\/tags?post=66860"}],"curies":[{"name":"wp","href":"https:\/\/api.w.org\/{rel}","templated":true}]}}