{"id":66858,"date":"2021-05-30T21:07:34","date_gmt":"2021-05-30T19:07:34","guid":{"rendered":"https:\/\/www.messinaoggi.it\/website\/2021\/05\/30\/mancini-convoca-28-azzurri-fuori-cragno-e-kean\/"},"modified":"2021-05-30T21:07:34","modified_gmt":"2021-05-30T19:07:34","slug":"mancini-convoca-28-azzurri-fuori-cragno-e-kean","status":"publish","type":"post","link":"https:\/\/www.messinaoggi.it\/website\/2021\/05\/30\/mancini-convoca-28-azzurri-fuori-cragno-e-kean\/","title":{"rendered":"Mancini convoca 28 azzurri, fuori Cragno e Kean"},"content":{"rendered":"<div>ROMA (ITALPRESS) &#8211; Terminata la prima fase di preparazione in vista dell&#8217;Europeo con il netto successo nell&#8217;amichevole con San Marino, la Nazionale torner\u00e0 a radunarsi luned\u00ec all&#8217;Hotel Parco dei Principi di Roma e in serata parteciper\u00e0 alla trasmissione &#8216;Notte Azzurr\u00e0, in onda marted\u00ec 1\u00b0 giugno su Rai 1, per poi trasferirsi al centro tecnico federale di Coverciano. Al termine della seconda settimana di lavoro, venerd\u00ec 4 giugno l&#8217;Italia affronter\u00e0 la Repubblica Ceca nell&#8217;ultima amichevole prima dell&#8217;esordio nel torneo continentale in programma l&#8217;11 giugno a Roma contro la Turchia. Per la seconda fase del raduno Roberto Mancini ha chiamato 28 azzurri: Emerson Palmieri e Jorginho, impegnati ieri sera nella finale della Champions League, potranno usufruire di 24 ore di riposo in pi\u00f9 e si aggregheranno al gruppo nella giornata di marted\u00ec. Rispetto alla formazione di venerd\u00ec scorso a Cagliari contro San Marino, il ct rinunciato a Cragno, Biraghi, Castrovilli, Grifo e Kean. Entro la mezzanotte di marted\u00ec 1\u00b0 giugno il ct ufficializzer\u00e0 la lista dei 26 Azzurri convocati per il Campionato Europeo. Questo l&#8217;elenco dei 28 convocati:<br \/>PORTIERI: Gianluigi Donnarumma (Milan), Alex Meret (Napoli), Salvatore Sirigu (Torino).<br \/>DIFENSORI: Francesco Acerbi (Lazio), Alessandro Bastoni (Inter), Leonardo Bonucci (Juventus), Giorgio Chiellini (Juventus), Giovanni Di Lorenzo (Napoli), Emerson Palmieri (Chelsea), Alessandro Florenzi (Paris Saint Germain), Gianluca Mancini (Roma), Leonardo Spinazzola (Roma), Rafael Toloi (Atalanta).<br \/>CENTROCAMPISTI: Nicol\u00f2 Barella (Inter), Bryan Cristante (Roma), Frello Jorge Luiz Jorginho (Chelsea), Manuel Locatelli (Sassuolo), Lorenzo Pellegrini (Roma), Matteo Pessina (Atalanta), Stefano Sensi (Inter), Marco Verratti (Paris Saint Germain).<br \/>ATTACCANTI: Andrea Belotti (Torino), Domenico Berardi (Sassuolo), Federico Bernardeschi (Juventus), Federico Chiesa (Juventus), Ciro Immobile (Lazio), Lorenzo Insigne (Napoli), Matteo Politano (Napoli).<br \/>(ITALPRESS).<\/div>\n<div id=\"div-gpt-ad-Messinaoggi.it-DSK-300x250-corpoart\" style=\"text-align:center;margin:0 auto;\"><\/div><\/p><div id=\"videoincontent\" style=\"clear:both\";><\/div>","protected":false},"excerpt":{"rendered":"<p>ROMA (ITALPRESS) &#8211; Terminata la prima fase di preparazione in vista dell&#8217;Europeo con il netto successo nell&#8217;amichevole con San Marino, la Nazionale torner\u00e0 a radunarsi luned\u00ec all&#8217;Hotel Parco dei Principi di Roma e in serata parteciper\u00e0 alla trasmissione &#8216;Notte Azzurr\u00e0, in onda marted\u00ec 1\u00b0 giugno su Rai 1, per poi trasferirsi al centro tecnico federale [&hellip;]<\/p>\n","protected":false},"author":18,"featured_media":66859,"comment_status":"closed","ping_status":"closed","sticky":false,"template":"","format":"standard","meta":{"ub_ctt_via":"","_mi_skip_tracking":false},"categories":[446],"tags":[783],"featured_image_src":"https:\/\/www.messinaoggi.it\/website\/wp-content\/uploads\/2021\/05\/20210530_1905.jpg","author_info":{"display_name":"Admin","author_link":"https:\/\/www.messinaoggi.it\/website\/author\/admin\/"},"digistream_id":0,"digistream":false,"_links":{"self":[{"href":"https:\/\/www.messinaoggi.it\/website\/wp-json\/wp\/v2\/posts\/66858"}],"collection":[{"href":"https:\/\/www.messinaoggi.it\/website\/wp-json\/wp\/v2\/posts"}],"about":[{"href":"https:\/\/www.messinaoggi.it\/website\/wp-json\/wp\/v2\/types\/post"}],"author":[{"embeddable":true,"href":"https:\/\/www.messinaoggi.it\/website\/wp-json\/wp\/v2\/users\/18"}],"replies":[{"embeddable":true,"href":"https:\/\/www.messinaoggi.it\/website\/wp-json\/wp\/v2\/comments?post=66858"}],"version-history":[{"count":0,"href":"https:\/\/www.messinaoggi.it\/website\/wp-json\/wp\/v2\/posts\/66858\/revisions"}],"wp:featuredmedia":[{"embeddable":true,"href":"https:\/\/www.messinaoggi.it\/website\/wp-json\/wp\/v2\/media\/66859"}],"wp:attachment":[{"href":"https:\/\/www.messinaoggi.it\/website\/wp-json\/wp\/v2\/media?parent=66858"}],"wp:term":[{"taxonomy":"category","embeddable":true,"href":"https:\/\/www.messinaoggi.it\/website\/wp-json\/wp\/v2\/categories?post=66858"},{"taxonomy":"post_tag","embeddable":true,"href":"https:\/\/www.messinaoggi.it\/website\/wp-json\/wp\/v2\/tags?post=66858"}],"curies":[{"name":"wp","href":"https:\/\/api.w.org\/{rel}","templated":true}]}}