{"id":66829,"date":"2021-05-30T17:27:31","date_gmt":"2021-05-30T15:27:31","guid":{"rendered":"http:\/\/www.messinaoggi.it\/website\/?p=66829"},"modified":"2021-05-30T17:27:50","modified_gmt":"2021-05-30T15:27:50","slug":"giro-di-concerti-del-corelli-al-polo-vaccinale-del-policlinico","status":"publish","type":"post","link":"https:\/\/www.messinaoggi.it\/website\/2021\/05\/30\/giro-di-concerti-del-corelli-al-polo-vaccinale-del-policlinico\/","title":{"rendered":"Giro di concerti del Corelli al polo vaccinale del Policlinico"},"content":{"rendered":"\n<p>Il conservatorio \u201cCorelli\u201d \u00a0ha accolto l\u2019invito dell\u2019Ateneo e dell\u2019AOU \u201cG. Martino\u201d a tenere un ciclo di concerti settimanale presso il polo vaccinale del palacongressi.<div id=\"div-gpt-ad-Messinaoggi.it-DSK-300x250-corpoart\" style=\"text-align:center;margin:0 auto;\"><\/div><\/p>\n\n\n\n<p>Marted\u00ec 1\u00b0 giugno si terr\u00e0 la prima esibizione. L\u2019obiettivo \u00e8 accompagnare con la musica, che \u00e8 un linguaggio universale, una attivit\u00e0 fondamentale di sanit\u00e0 pubblica del nostro Paese.<div id=\"videoincontent\" style=\"clear:both\";><\/div><\/p>\n\n\n\n<p>La kermesse musicale sar\u00e0 a cura del Dipartimento Nuove Tecnologie e Linguaggi Musicali \u2013 Scuola di Jazz del Conservatorio, il Coordinamento del Dipartimento \u00e8 affidato al Prof. Giovanni Mazzarino docente di Tecniche di Improvvisazione Musicale e Musica d\u2019Insieme Jazz che ha curato il repertorio che gli studenti di triennio e biennio.<\/p>\n\n\n\n<p>La proposta musicale verte sulla canzone popolare americana di tradizione jazzistica del musical di Broadway e sulla tradizione musicale latino \u2013 americana, e in particolar modo su quella brasiliana.<\/p>\n\n\n\n<p><strong>I PARTECIPANTI<\/strong><\/p>\n\n\n\n<p>Rossella D\u2019Andrea (voce) <\/p>\n\n\n\n<p>Floriana Pappa (voce)<\/p>\n\n\n\n<p>Francesca Sorbello (voce)<\/p>\n\n\n\n<p>Veronica Parrilla (voce)<\/p>\n\n\n\n<p>Andrea Barbagallo (chitarra)<\/p>\n\n\n\n<p>Fabio Eremita (pianoforte) <\/p>\n\n\n\n<p>Tommaso Pugliese (contrabbasso) <\/p>\n\n\n\n<p>Aurelio Bandiera (basso elettrico) <\/p>\n\n\n\n<p>Andrea Liotta (batteria) <\/p>\n\n\n\n<p>Riccardo Salvatore (batteria)<\/p>\n\n\n\n<p>Il gruppo musicale si avvarr\u00e0 anche della partecipazione del Prof. Francesco Pisano, quale pianista accompagnatore delle classi di strumento e canto Jazz del Dipartimento del Conservatorio \u201cA. Corelli\u201d-<\/p>\n","protected":false},"excerpt":{"rendered":"<p>Il conservatorio \u201cCorelli\u201d \u00a0ha accolto l\u2019invito dell\u2019Ateneo e dell\u2019AOU \u201cG. Martino\u201d a tenere un ciclo di concerti settimanale presso il polo vaccinale del palacongressi. Marted\u00ec 1\u00b0 giugno si terr\u00e0 la prima esibizione. L\u2019obiettivo \u00e8 accompagnare con la musica, che \u00e8 un linguaggio universale, una attivit\u00e0 fondamentale di sanit\u00e0 pubblica del nostro Paese. La kermesse musicale [&hellip;]<\/p>\n","protected":false},"author":4,"featured_media":2515,"comment_status":"open","ping_status":"open","sticky":false,"template":"","format":"standard","meta":{"ub_ctt_via":"","_mi_skip_tracking":false},"categories":[5],"tags":[2066],"featured_image_src":"https:\/\/www.messinaoggi.it\/website\/wp-content\/uploads\/2017\/06\/Opale-Accordion-Quartet-Corelli-2-2.jpg","author_info":{"display_name":"redme","author_link":"https:\/\/www.messinaoggi.it\/website\/author\/redme\/"},"digistream_id":0,"digistream":false,"_links":{"self":[{"href":"https:\/\/www.messinaoggi.it\/website\/wp-json\/wp\/v2\/posts\/66829"}],"collection":[{"href":"https:\/\/www.messinaoggi.it\/website\/wp-json\/wp\/v2\/posts"}],"about":[{"href":"https:\/\/www.messinaoggi.it\/website\/wp-json\/wp\/v2\/types\/post"}],"author":[{"embeddable":true,"href":"https:\/\/www.messinaoggi.it\/website\/wp-json\/wp\/v2\/users\/4"}],"replies":[{"embeddable":true,"href":"https:\/\/www.messinaoggi.it\/website\/wp-json\/wp\/v2\/comments?post=66829"}],"version-history":[{"count":1,"href":"https:\/\/www.messinaoggi.it\/website\/wp-json\/wp\/v2\/posts\/66829\/revisions"}],"predecessor-version":[{"id":66830,"href":"https:\/\/www.messinaoggi.it\/website\/wp-json\/wp\/v2\/posts\/66829\/revisions\/66830"}],"wp:featuredmedia":[{"embeddable":true,"href":"https:\/\/www.messinaoggi.it\/website\/wp-json\/wp\/v2\/media\/2515"}],"wp:attachment":[{"href":"https:\/\/www.messinaoggi.it\/website\/wp-json\/wp\/v2\/media?parent=66829"}],"wp:term":[{"taxonomy":"category","embeddable":true,"href":"https:\/\/www.messinaoggi.it\/website\/wp-json\/wp\/v2\/categories?post=66829"},{"taxonomy":"post_tag","embeddable":true,"href":"https:\/\/www.messinaoggi.it\/website\/wp-json\/wp\/v2\/tags?post=66829"}],"curies":[{"name":"wp","href":"https:\/\/api.w.org\/{rel}","templated":true}]}}