{"id":66791,"date":"2021-05-30T10:07:33","date_gmt":"2021-05-30T08:07:33","guid":{"rendered":"https:\/\/www.messinaoggi.it\/website\/2021\/05\/30\/brunetta-siamo-alla-vigilia-di-un-nuovo-boom-economico\/"},"modified":"2021-05-30T16:23:42","modified_gmt":"2021-05-30T14:23:42","slug":"brunetta-siamo-alla-vigilia-di-un-nuovo-boom-economico","status":"publish","type":"post","link":"https:\/\/www.messinaoggi.it\/website\/2021\/05\/30\/brunetta-siamo-alla-vigilia-di-un-nuovo-boom-economico\/","title":{"rendered":"Brunetta \u201cSiamo alla vigilia di un nuovo boom economico\u201d"},"content":{"rendered":"<div>ROMA (ITALPRESS) &#8211; &#8220;Ho la sensazione, anzi \u00e8 pi\u00f9 che una sensazione, che siamo alla vigilia di un nuovo boom economico. Il rimbalzo, come tasso di crescita del Pil, sar\u00e0 pi\u00f9 vicino al 5 che al 4% previsto. E forse persino qualcosa pi\u00f9 del 5% . Il nostro compito, come governo ma vorrei dire come Paese, \u00e8 allora quello di non sprecare questa occasione unica e irripetibile, accompagnandola con le riforme&#8221;. Lo dice Renato Brunetta, ministro della Pubblica amministrazione, intervistato dalla Repubblica. Ad alimentare aspettative positive, spiega Brunetta, anzitutto il &#8220;clima che si sta creando. Il Pnrr ancora non c&#8217;\u00e8, i primi 25 miliardi dovrebbero arrivare tra agosto e settembre, ma ci sono gi\u00e0 stati il Next Generation Ue, il momento Hamilton dell&#8217;Europa, con la decisione storica di fare debito comune, e ovviamente l&#8217;effetto Draghi, con un governo di unit\u00e0 nazionale guidato dalla personalit\u00e0 pi\u00f9 credibile che l&#8217;Italia potesse mettere in campo. Tutto questo, insieme al successo del piano vaccinale del generale Figliuolo, sta producendo un clima molto, molto positivo. Stiamo vedendo all&#8217;opera gli &#8216;spiriti animal\u00ec della nostra Italia&#8221;. <br \/>(ITALPRESS).<\/div>\n<div id=\"div-gpt-ad-Messinaoggi.it-DSK-300x250-corpoart\" style=\"text-align:center;margin:0 auto;\"><\/div><\/p><div id=\"videoincontent\" style=\"clear:both\";><\/div>","protected":false},"excerpt":{"rendered":"<p>ROMA (ITALPRESS) &#8211; &#8220;Ho la sensazione, anzi \u00e8 pi\u00f9 che una sensazione, che siamo alla vigilia di un nuovo boom economico. Il rimbalzo, come tasso di crescita del Pil, sar\u00e0 pi\u00f9 vicino al 5 che al 4% previsto. E forse persino qualcosa pi\u00f9 del 5% . Il nostro compito, come governo ma vorrei dire come [&hellip;]<\/p>\n","protected":false},"author":18,"featured_media":66792,"comment_status":"closed","ping_status":"closed","sticky":false,"template":"","format":"standard","meta":{"ub_ctt_via":"","_mi_skip_tracking":false},"categories":[446,4],"tags":[783],"featured_image_src":"https:\/\/www.messinaoggi.it\/website\/wp-content\/uploads\/2021\/05\/20210530_0100.jpg","author_info":{"display_name":"Admin","author_link":"https:\/\/www.messinaoggi.it\/website\/author\/admin\/"},"digistream_id":0,"digistream":false,"_links":{"self":[{"href":"https:\/\/www.messinaoggi.it\/website\/wp-json\/wp\/v2\/posts\/66791"}],"collection":[{"href":"https:\/\/www.messinaoggi.it\/website\/wp-json\/wp\/v2\/posts"}],"about":[{"href":"https:\/\/www.messinaoggi.it\/website\/wp-json\/wp\/v2\/types\/post"}],"author":[{"embeddable":true,"href":"https:\/\/www.messinaoggi.it\/website\/wp-json\/wp\/v2\/users\/18"}],"replies":[{"embeddable":true,"href":"https:\/\/www.messinaoggi.it\/website\/wp-json\/wp\/v2\/comments?post=66791"}],"version-history":[{"count":1,"href":"https:\/\/www.messinaoggi.it\/website\/wp-json\/wp\/v2\/posts\/66791\/revisions"}],"predecessor-version":[{"id":66823,"href":"https:\/\/www.messinaoggi.it\/website\/wp-json\/wp\/v2\/posts\/66791\/revisions\/66823"}],"wp:featuredmedia":[{"embeddable":true,"href":"https:\/\/www.messinaoggi.it\/website\/wp-json\/wp\/v2\/media\/66792"}],"wp:attachment":[{"href":"https:\/\/www.messinaoggi.it\/website\/wp-json\/wp\/v2\/media?parent=66791"}],"wp:term":[{"taxonomy":"category","embeddable":true,"href":"https:\/\/www.messinaoggi.it\/website\/wp-json\/wp\/v2\/categories?post=66791"},{"taxonomy":"post_tag","embeddable":true,"href":"https:\/\/www.messinaoggi.it\/website\/wp-json\/wp\/v2\/tags?post=66791"}],"curies":[{"name":"wp","href":"https:\/\/api.w.org\/{rel}","templated":true}]}}