{"id":66785,"date":"2021-05-30T09:07:31","date_gmt":"2021-05-30T07:07:31","guid":{"rendered":"https:\/\/www.messinaoggi.it\/website\/2021\/05\/30\/covid-in-zona-bianca-friuli-venezia-giulia-molise-e-sardegna\/"},"modified":"2021-05-30T16:22:02","modified_gmt":"2021-05-30T14:22:02","slug":"covid-in-zona-bianca-friuli-venezia-giulia-molise-e-sardegna","status":"publish","type":"post","link":"https:\/\/www.messinaoggi.it\/website\/2021\/05\/30\/covid-in-zona-bianca-friuli-venezia-giulia-molise-e-sardegna\/","title":{"rendered":"Covid, in zona bianca Friuli Venezia Giulia, Molise e Sardegna"},"content":{"rendered":"<div>ROMA (ITALPRESS) &#8211; Friuli Venezia Giulia, Molise e Sardegna sono le prime tre regioni a passare dalla &#8220;zona gialla&#8221; a quella &#8220;bianca&#8221;, la fascia che prevede la riapertura di quasi tutte le attivit\u00e0 e lo stop al coprifuoco. Le uniche regole da seguire in &#8216;zona bianc\u00e0 sono il distanziamento fisico, l&#8217;utilizzo della mascherina e il rispetto dei protocolli di sicurezza delle varie attivit\u00e0. Per Abruzzo, Liguria, Umbria e Veneto \u00e8 prevista la riapertura totale il 7 giugno, mentre Emilia Romagna, Lazio, Lombardia, Trento e Piemonte dovrebbero passare in bianco il 14 giugno. Con la modifica dei parametri voluta dai presidenti delle Regioni e condivisa con il Cts (il Comitato tecnico Scientifico) per passare nella fascia pi\u00f9 chiara bisogna che l&#8217;incidenza settimanale di casi positivi al Coronavirus sia al di sotto della soglia dei 50 ogni centomila abitanti, per tre settimane consecutive. Ad ottenere &#8216;il bianc\u00f2, al momento, ci sono solo Friuli Venezia Giulia, Molise e Sardegna, che da domani cambiano colore. E gi\u00e0 dalla prossima settimana il passaggio ne coinvolger\u00e0 altre quattro, con a met\u00e0 giugno, molto probabilmente con pi\u00f9 della met\u00e0 dell&#8217;Italia in zona bianca.<br \/>\n(ITALPRESS).<\/div>\n<div id=\"div-gpt-ad-Messinaoggi.it-DSK-300x250-corpoart\" style=\"text-align:center;margin:0 auto;\"><\/div><\/p><div id=\"videoincontent\" style=\"clear:both\";><\/div>","protected":false},"excerpt":{"rendered":"<p>ROMA (ITALPRESS) &#8211; Friuli Venezia Giulia, Molise e Sardegna sono le prime tre regioni a passare dalla &#8220;zona gialla&#8221; a quella &#8220;bianca&#8221;, la fascia che prevede la riapertura di quasi tutte le attivit\u00e0 e lo stop al coprifuoco. Le uniche regole da seguire in &#8216;zona bianc\u00e0 sono il distanziamento fisico, l&#8217;utilizzo della mascherina e il [&hellip;]<\/p>\n","protected":false},"author":18,"featured_media":66786,"comment_status":"closed","ping_status":"closed","sticky":false,"template":"","format":"standard","meta":{"ub_ctt_via":"","_mi_skip_tracking":false},"categories":[221,446],"tags":[783],"featured_image_src":"https:\/\/www.messinaoggi.it\/website\/wp-content\/uploads\/2021\/05\/20210530_0069.jpg","author_info":{"display_name":"Admin","author_link":"https:\/\/www.messinaoggi.it\/website\/author\/admin\/"},"digistream_id":0,"digistream":false,"_links":{"self":[{"href":"https:\/\/www.messinaoggi.it\/website\/wp-json\/wp\/v2\/posts\/66785"}],"collection":[{"href":"https:\/\/www.messinaoggi.it\/website\/wp-json\/wp\/v2\/posts"}],"about":[{"href":"https:\/\/www.messinaoggi.it\/website\/wp-json\/wp\/v2\/types\/post"}],"author":[{"embeddable":true,"href":"https:\/\/www.messinaoggi.it\/website\/wp-json\/wp\/v2\/users\/18"}],"replies":[{"embeddable":true,"href":"https:\/\/www.messinaoggi.it\/website\/wp-json\/wp\/v2\/comments?post=66785"}],"version-history":[{"count":1,"href":"https:\/\/www.messinaoggi.it\/website\/wp-json\/wp\/v2\/posts\/66785\/revisions"}],"predecessor-version":[{"id":66820,"href":"https:\/\/www.messinaoggi.it\/website\/wp-json\/wp\/v2\/posts\/66785\/revisions\/66820"}],"wp:featuredmedia":[{"embeddable":true,"href":"https:\/\/www.messinaoggi.it\/website\/wp-json\/wp\/v2\/media\/66786"}],"wp:attachment":[{"href":"https:\/\/www.messinaoggi.it\/website\/wp-json\/wp\/v2\/media?parent=66785"}],"wp:term":[{"taxonomy":"category","embeddable":true,"href":"https:\/\/www.messinaoggi.it\/website\/wp-json\/wp\/v2\/categories?post=66785"},{"taxonomy":"post_tag","embeddable":true,"href":"https:\/\/www.messinaoggi.it\/website\/wp-json\/wp\/v2\/tags?post=66785"}],"curies":[{"name":"wp","href":"https:\/\/api.w.org\/{rel}","templated":true}]}}