{"id":66751,"date":"2021-05-29T18:07:45","date_gmt":"2021-05-29T16:07:45","guid":{"rendered":"https:\/\/www.messinaoggi.it\/website\/2021\/05\/29\/milano-da-lultimo-saluto-a-carla-fracci\/"},"modified":"2021-05-29T18:07:45","modified_gmt":"2021-05-29T16:07:45","slug":"milano-da-lultimo-saluto-a-carla-fracci","status":"publish","type":"post","link":"https:\/\/www.messinaoggi.it\/website\/2021\/05\/29\/milano-da-lultimo-saluto-a-carla-fracci\/","title":{"rendered":"Milano d\u00e0 l\u2019ultimo saluto a Carla Fracci"},"content":{"rendered":"<div>MILANO (ITALPRESS) &#8211; &#8220;Grazia, leggerezza, passione e coraggio&#8221;: queste le qualit\u00e0 che don Gianni Zappa, parroco della chiesa di San Marco a Milano, ha ricordato dell&#8217;\u00e8toile Carla Fracci, scomparsa gioved\u00ec all&#8217;et\u00e0 di 84 anni, nel corso dell&#8217;omelia ai suoi funerali celebrati questo pomeriggio. Caratteristiche, ha sottolineato Zappa, che Fracci, o &#8216;Carlin\u00e0 per gli amici pi\u00f9 intimi, ha &#8220;dimostrato fino alla fine&#8221;. La danza sui palcoscenici, ha detto il parroco, &#8220;\u00e8 stata la punta espressiva della sua danza interiore&#8221; e il suo percorso &#8220;arduo e coraggioso, frutto di una grande passione, rigore e disciplina interiore, ma anche espressione di un rapporto mantenuto sempre vivo con le realt\u00e0 essenziali della vita. La immaginiamo vestita di bianco camminare con il suo passo leggero e la accompagniamo fino alle soglie del Mistero, fino a quel crinale che deve oltrepassare da sola e di l\u00e0 la attende il Signore che la attende con le braccia aperte&#8221; ha concluso don Zappa. A dare l&#8217;ultimo saluto all&#8217;\u00e8toile la famiglia, il sindaco di Milano Giuseppe Sala con la fascia tricolore, il ministro dei Beni culturali Dario Franceschini,il sovrintendente del teatro alla Scala Dominique Meyer e i ballerini dell&#8217;accademia, oltre ad amici e gente comune. Davanti alla parrocchia un centinaio di persone hanno atteso l&#8217;inizio delle esequie. Tra i presenti anche le \u00e8toile Eleonora Abbagnato e Roberto Bolle. Un commosso applauso ha accolto in chiesa la bara coperta di fiori bianchi.<br \/>In occasione delle esequie il Sindaco ha proclamato il lutto cittadino, in segno di cordoglio per la sua scomparsa e di partecipazione dell&#8217;intera comunit\u00e0 milanese e ha disposto l&#8217;esposizione della bandiera civica a mezz&#8217;asta nelle sedi comunali.<br \/>(ITALPRESS).<\/div>\n<div id=\"div-gpt-ad-Messinaoggi.it-DSK-300x250-corpoart\" style=\"text-align:center;margin:0 auto;\"><\/div><\/p><div id=\"videoincontent\" style=\"clear:both\";><\/div>","protected":false},"excerpt":{"rendered":"<p>MILANO (ITALPRESS) &#8211; &#8220;Grazia, leggerezza, passione e coraggio&#8221;: queste le qualit\u00e0 che don Gianni Zappa, parroco della chiesa di San Marco a Milano, ha ricordato dell&#8217;\u00e8toile Carla Fracci, scomparsa gioved\u00ec all&#8217;et\u00e0 di 84 anni, nel corso dell&#8217;omelia ai suoi funerali celebrati questo pomeriggio. Caratteristiche, ha sottolineato Zappa, che Fracci, o &#8216;Carlin\u00e0 per gli amici pi\u00f9 [&hellip;]<\/p>\n","protected":false},"author":18,"featured_media":66752,"comment_status":"closed","ping_status":"closed","sticky":false,"template":"","format":"standard","meta":{"ub_ctt_via":"","_mi_skip_tracking":false},"categories":[446],"tags":[783],"featured_image_src":"https:\/\/www.messinaoggi.it\/website\/wp-content\/uploads\/2021\/05\/20210529_1617.jpg","author_info":{"display_name":"Admin","author_link":"https:\/\/www.messinaoggi.it\/website\/author\/admin\/"},"digistream_id":0,"digistream":false,"_links":{"self":[{"href":"https:\/\/www.messinaoggi.it\/website\/wp-json\/wp\/v2\/posts\/66751"}],"collection":[{"href":"https:\/\/www.messinaoggi.it\/website\/wp-json\/wp\/v2\/posts"}],"about":[{"href":"https:\/\/www.messinaoggi.it\/website\/wp-json\/wp\/v2\/types\/post"}],"author":[{"embeddable":true,"href":"https:\/\/www.messinaoggi.it\/website\/wp-json\/wp\/v2\/users\/18"}],"replies":[{"embeddable":true,"href":"https:\/\/www.messinaoggi.it\/website\/wp-json\/wp\/v2\/comments?post=66751"}],"version-history":[{"count":0,"href":"https:\/\/www.messinaoggi.it\/website\/wp-json\/wp\/v2\/posts\/66751\/revisions"}],"wp:featuredmedia":[{"embeddable":true,"href":"https:\/\/www.messinaoggi.it\/website\/wp-json\/wp\/v2\/media\/66752"}],"wp:attachment":[{"href":"https:\/\/www.messinaoggi.it\/website\/wp-json\/wp\/v2\/media?parent=66751"}],"wp:term":[{"taxonomy":"category","embeddable":true,"href":"https:\/\/www.messinaoggi.it\/website\/wp-json\/wp\/v2\/categories?post=66751"},{"taxonomy":"post_tag","embeddable":true,"href":"https:\/\/www.messinaoggi.it\/website\/wp-json\/wp\/v2\/tags?post=66751"}],"curies":[{"name":"wp","href":"https:\/\/api.w.org\/{rel}","templated":true}]}}