{"id":66590,"date":"2021-05-28T19:00:37","date_gmt":"2021-05-28T17:00:37","guid":{"rendered":"http:\/\/www.messinaoggi.it\/website\/?p=66590"},"modified":"2021-05-28T19:00:40","modified_gmt":"2021-05-28T17:00:40","slug":"papardo-sindacati-stato-di-agitazione","status":"publish","type":"post","link":"https:\/\/www.messinaoggi.it\/website\/2021\/05\/28\/papardo-sindacati-stato-di-agitazione\/","title":{"rendered":"Papardo, sindacati: stato di agitazione"},"content":{"rendered":"\n<p>Salvare l\u2019ospedale Papardo non \u00e8 un mero slogan, ma rappresenta il fortissimo allarme lanciato dalla Cgil, dalla Uil e dalla Fvm-Fismu a tutela degli interessi dei cittadini-utenti messinesi.<div id=\"div-gpt-ad-Messinaoggi.it-DSK-300x250-corpoart\" style=\"text-align:center;margin:0 auto;\"><\/div><\/p>\n\n\n\n<p>Si \u00e8 svolta stamani presso l&#8217;auditorium dell&#8217;AO Papardo una partecipatissima Assemblea dei lavoratori del nosocomio per esporre il grave ridimensionamento a cui inesorabilmente andrebbe incontro l&#8217;ospedale qualora venisse pedissequamente applicato il nuovo tetto di spesa assegnato dall&#8217;Assessorato Regionale alla Salute.<div id=\"videoincontent\" style=\"clear:both\";><\/div><\/p>\n\n\n\n<p>\u00c8 emerso, fin da subito, che il Papardo \u00e8 stata l&#8217;unica Azienda sanitaria siciliana a cui \u00e8 stata sottratta una rilevante quota di finanziamento regionale (-11,2%), mentre le altre aziende sanitarie hanno visto incrementare il loro tetto di spesa (A.O. Cannizzaro di CT +5,31%; A.O. Garibaldi di CT +5,82%; A.O. Cervello-Villa Sofia di PA +4,07%; A.O. Civicodi Pa + 0,61%).<\/p>\n\n\n\n<p>Infatti, nonostante il numero di posti letto attribuiti al Papardo siano passati da 324 (del 2017) a 363 posti letto (con il Decreto Assessoriale 11 gennaio 2019 n.22), successivamente incrementati di ulteriori 28 posti letto (con il Decreto Assessoriale 614\/2020) a seguito dell&#8217;intervenuta situazione di emergenza epidemiologica da Covid 19, il tetto di spesa attribuito dalla Regione \u00e8 stato ridotto di circa 8 milioni di euro (da 79.924.000 del 2017 a 71.870.000 di euro del tetto di spesa attribuito nel 2021).   <\/p>\n\n\n\n<p>In altre parole, nonostante il numero dei posti letto sia stato incrementato di 67 unit\u00e0, il personale in servizio \u00e8 stato ridotto da 1494 a 1345 dipendenti.<\/p>\n\n\n\n<p>\u00c8 emerso, pure, che i lavoratori dell&#8217;A.O. Papardo ritengono non pi\u00f9 tollerabile l&#8217;ennesimo scippo perpetrato nei confronti di un\u2019azienda che produce salute, che ha immediatamente detto &#8221;Eccomi&#8221; alla impellente richiesta di garantire posti Covid, che \u00e8 ricca di professionalit\u00e0 di indiscussa caratura, che serve un territorio vastissimo e che, malgrado le difficolt\u00e0 ed i molteplici tagli subiti, ha dimostrato ancora una volta di esserci e di dare risposte alla collettivit\u00e0 ed ai pazienti.<\/p>\n\n\n\n<p>Dopo un&#8217;ampia discussione a cui hanno partecipato i segretari generali della Cgil Giovanni Mastroeni e della Uil Ivan Tripodi, i segretari generali della Fp Cgil Francesco Fucile e della UILFPL Giuseppe Calapaj, nonch\u00e9 i Direttori di Struttura Complessa, l&#8217;on. Antonio De Luca componente della VI Commissione &#8221;Servizi sociali e sanitari&#8221;, l&#8217;avv. Alessandra Calafiore Assessore comunale alle politiche sociali e l&#8217;avv. Antonella Russo consigliera comunale, e numerosi lavoratori, l&#8217;Assemblea all&#8217;unanimit\u00e0 ha richiesto la revisione del tetto di spesa e ha deciso la proclamazione dello stato di agitazione del personale del Papardo. In tal senso, si \u00e8 deciso di definire la programmazione delle modalit\u00e0 della mobilitazione subito dopo gli esiti dell\u2019audizione delle organizzazioni sindacali in VI Commissione dell\u2019Ars prevista il prossimo 1\u00b0 giugno 2021.<\/p>\n","protected":false},"excerpt":{"rendered":"<p>Salvare l\u2019ospedale Papardo non \u00e8 un mero slogan, ma rappresenta il fortissimo allarme lanciato dalla Cgil, dalla Uil e dalla Fvm-Fismu a tutela degli interessi dei cittadini-utenti messinesi. Si \u00e8 svolta stamani presso l&#8217;auditorium dell&#8217;AO Papardo una partecipatissima Assemblea dei lavoratori del nosocomio per esporre il grave ridimensionamento a cui inesorabilmente andrebbe incontro l&#8217;ospedale qualora [&hellip;]<\/p>\n","protected":false},"author":8,"featured_media":66591,"comment_status":"open","ping_status":"open","sticky":false,"template":"","format":"standard","meta":{"ub_ctt_via":"","_mi_skip_tracking":false},"categories":[6],"tags":[967,2032,812],"featured_image_src":"https:\/\/www.messinaoggi.it\/website\/wp-content\/uploads\/2021\/05\/index-2.jpg","author_info":{"display_name":"red..me","author_link":"https:\/\/www.messinaoggi.it\/website\/author\/redstage\/"},"digistream_id":0,"digistream":false,"_links":{"self":[{"href":"https:\/\/www.messinaoggi.it\/website\/wp-json\/wp\/v2\/posts\/66590"}],"collection":[{"href":"https:\/\/www.messinaoggi.it\/website\/wp-json\/wp\/v2\/posts"}],"about":[{"href":"https:\/\/www.messinaoggi.it\/website\/wp-json\/wp\/v2\/types\/post"}],"author":[{"embeddable":true,"href":"https:\/\/www.messinaoggi.it\/website\/wp-json\/wp\/v2\/users\/8"}],"replies":[{"embeddable":true,"href":"https:\/\/www.messinaoggi.it\/website\/wp-json\/wp\/v2\/comments?post=66590"}],"version-history":[{"count":1,"href":"https:\/\/www.messinaoggi.it\/website\/wp-json\/wp\/v2\/posts\/66590\/revisions"}],"predecessor-version":[{"id":66592,"href":"https:\/\/www.messinaoggi.it\/website\/wp-json\/wp\/v2\/posts\/66590\/revisions\/66592"}],"wp:featuredmedia":[{"embeddable":true,"href":"https:\/\/www.messinaoggi.it\/website\/wp-json\/wp\/v2\/media\/66591"}],"wp:attachment":[{"href":"https:\/\/www.messinaoggi.it\/website\/wp-json\/wp\/v2\/media?parent=66590"}],"wp:term":[{"taxonomy":"category","embeddable":true,"href":"https:\/\/www.messinaoggi.it\/website\/wp-json\/wp\/v2\/categories?post=66590"},{"taxonomy":"post_tag","embeddable":true,"href":"https:\/\/www.messinaoggi.it\/website\/wp-json\/wp\/v2\/tags?post=66590"}],"curies":[{"name":"wp","href":"https:\/\/api.w.org\/{rel}","templated":true}]}}