{"id":6654,"date":"2017-08-21T11:45:52","date_gmt":"2017-08-21T09:45:52","guid":{"rendered":"http:\/\/www.messinaoggi.it\/website\/?p=6654"},"modified":"2017-08-21T11:45:52","modified_gmt":"2017-08-21T09:45:52","slug":"aule-mancanti-seguenza-gioveni-diritto-allo-studio-non-e-un-optional-accortinti-intervenga","status":"publish","type":"post","link":"https:\/\/www.messinaoggi.it\/website\/2017\/08\/21\/aule-mancanti-seguenza-gioveni-diritto-allo-studio-non-e-un-optional-accortinti-intervenga\/","title":{"rendered":"Aule mancanti Seguenza, Gioveni: &quot;Diritto allo studio non \u00e8 un optional, Accorinti intervenga&quot;"},"content":{"rendered":"<p style=\"text-align: justify\"><span style=\"color: #000000\"><span style=\"font-family: verdana\"><span style=\"font-size: medium\">&#8220;Quando e come finir\u00e0 la telenovela infinita delle 20 aule mancanti al liceo scientifico Seguenza? Come si sta ponendo rimedio dopo essere momentaneamente tramontata la soluzione dei locali dell\u2019ex IAI? Pu\u00f2 essere ripresa in considerazione l\u2019ipotesi di attingere dai plessi Majorana, Bisazza e Basile, nonostante questa non sia del tutto gradita ai genitori per problemi logistici?<\/span><\/span><\/span><span style=\"color: #000000\"><span style=\"font-family: Arial, sans-serif\"><span style=\"font-size: medium\"> E soprattutto, come si sta risolvendo la delicatissima questione alla luce anche dell\u2019ormai quasi certo dissesto finanziario dell\u2019ex Provincia?&#8221;.<\/span><\/span><\/span><span style=\"color: #000000\"><span style=\"font-family: verdana\"><span style=\"font-size: medium\"> Sono questi i quesiti posti alla Giunta dall&#8217;esponente del Gruppo Misto in Consiglio Comunale, Libero Gioveni, ad appena 20 giorni dall\u2019avvio della nuova stagione scolastica.<\/span><\/span><\/span><div id=\"div-gpt-ad-Messinaoggi.it-DSK-300x250-corpoart\" style=\"text-align:center;margin:0 auto;\"><\/div><\/p>\n<p style=\"text-align: justify\"><span style=\"font-size: medium\">\u201c<\/span><span style=\"color: #000000\"><span style=\"font-family: verdana\"><span style=\"font-size: medium\">Da ben vent\u2019anni \u2013 ricorda Gioveni &#8211; gli studenti del Seguenza sono costretti a\u00a0 spostarsi in diverse sedi per poter svolgere regolarmente le lezioni, cos\u00ec come\u00a0 avvenuto negli ultimi anni nella sede di Cristo Re per il cui affitto vengono sborsati 160.000 euro all\u2019anno.<\/span><\/span><\/span><div id=\"videoincontent\" style=\"clear:both\";><\/div><\/p>\n<p><span style=\"color: #000000\"><span style=\"font-family: verdana\"><span style=\"font-size: medium\">Nelle more di conoscere l\u2019iter per la devoluzione di un mutuo di 300.000 euro acceso con la Cassa Depositi e Prestiti necessario per adeguare e ristrutturare parte dell\u2019immobile ex IAI diventa ormai improcrastinabile conoscere come e dove saranno ospitati il resto degli alunni in esubero del Seguenza che non potranno trovare sistemazione nel plesso di via Sant\u2019Agostino. <\/span><\/span><\/span><\/p>\n<p style=\"text-align: justify\"><span style=\"color: #000000\"><span style=\"font-family: verdana\"><span style=\"font-size: medium\">\u00c8 necessario sapere con certezza per esempio se, proprio per le gravi condizioni finanziarie dell\u2019ex Provincia, si possa ancora sperare di utilizzare anche quest\u2019anno la sede di Cristo Re che sembra essere al momento l\u2019ipotesi pi\u00f9 praticabile.<\/span><\/span><\/span><\/p>\n<p><span style=\"color: #000000\"><span style=\"font-family: verdana\"><span style=\"font-size: medium\">Insomma \u2013 conclude Gioveni \u2013 il sindaco metropolitano Accorinti scopra immediatamente le carte senza giri di parole, perch\u00e9 il diritto allo studio per centinaia di ragazzi, essendo esso certamente una priorit\u00e0 e non un optional a pochi giorni dal suono della campanella, dovr\u00e0 essere garantito senza ostacoli o difficolt\u00e0 di sorta&#8221;.<\/span><\/span><\/span><\/p>\n","protected":false},"excerpt":{"rendered":"<p>&#8220;Quando e come finir\u00e0 la telenovela infinita delle 20 aule mancanti al liceo scientifico Seguenza? Come si sta ponendo rimedio dopo essere momentaneamente tramontata la soluzione dei locali dell\u2019ex IAI? Pu\u00f2 essere ripresa in considerazione l\u2019ipotesi di attingere dai plessi Majorana, Bisazza e Basile, nonostante questa non sia del tutto gradita ai genitori per problemi [&hellip;]<\/p>\n","protected":false},"author":8,"featured_media":2813,"comment_status":"closed","ping_status":"open","sticky":false,"template":"","format":"standard","meta":{"ub_ctt_via":"","_mi_skip_tracking":false},"categories":[7,4],"tags":[],"featured_image_src":"https:\/\/www.messinaoggi.it\/website\/wp-content\/uploads\/2017\/06\/Liceo-Seguenza-messinaoggi-640x445-1-2.jpg","author_info":{"display_name":"red..me","author_link":"https:\/\/www.messinaoggi.it\/website\/author\/redstage\/"},"digistream_id":0,"digistream":false,"_links":{"self":[{"href":"https:\/\/www.messinaoggi.it\/website\/wp-json\/wp\/v2\/posts\/6654"}],"collection":[{"href":"https:\/\/www.messinaoggi.it\/website\/wp-json\/wp\/v2\/posts"}],"about":[{"href":"https:\/\/www.messinaoggi.it\/website\/wp-json\/wp\/v2\/types\/post"}],"author":[{"embeddable":true,"href":"https:\/\/www.messinaoggi.it\/website\/wp-json\/wp\/v2\/users\/8"}],"replies":[{"embeddable":true,"href":"https:\/\/www.messinaoggi.it\/website\/wp-json\/wp\/v2\/comments?post=6654"}],"version-history":[{"count":0,"href":"https:\/\/www.messinaoggi.it\/website\/wp-json\/wp\/v2\/posts\/6654\/revisions"}],"wp:featuredmedia":[{"embeddable":true,"href":"https:\/\/www.messinaoggi.it\/website\/wp-json\/wp\/v2\/media\/2813"}],"wp:attachment":[{"href":"https:\/\/www.messinaoggi.it\/website\/wp-json\/wp\/v2\/media?parent=6654"}],"wp:term":[{"taxonomy":"category","embeddable":true,"href":"https:\/\/www.messinaoggi.it\/website\/wp-json\/wp\/v2\/categories?post=6654"},{"taxonomy":"post_tag","embeddable":true,"href":"https:\/\/www.messinaoggi.it\/website\/wp-json\/wp\/v2\/tags?post=6654"}],"curies":[{"name":"wp","href":"https:\/\/api.w.org\/{rel}","templated":true}]}}