{"id":66503,"date":"2021-05-28T15:30:07","date_gmt":"2021-05-28T13:30:07","guid":{"rendered":"http:\/\/www.messinaoggi.it\/website\/?p=66503"},"modified":"2021-05-28T13:59:51","modified_gmt":"2021-05-28T11:59:51","slug":"torre-faro-limitazioni-per-lavori-in-via-lanterna","status":"publish","type":"post","link":"https:\/\/www.messinaoggi.it\/website\/2021\/05\/28\/torre-faro-limitazioni-per-lavori-in-via-lanterna\/","title":{"rendered":"Torre Faro, limitazioni per lavori in via Lanterna"},"content":{"rendered":"\n<p>Luned\u00ec 31, marted\u00ec 1, venerd\u00ec 4 e luned\u00ec 7 giugno saranno effettuati lavori di costruzione di una linea bassa tensione in cavo interrato in via Lanterna a Torre Faro.<div id=\"div-gpt-ad-Messinaoggi.it-DSK-300x250-corpoart\" style=\"text-align:center;margin:0 auto;\"><\/div><\/p>\n\n\n\n<p>Per consentirne l\u2019esecuzione vigeranno pertanto i divieti di sosta 0-24, su entrambi ambo i lati e di transito veicolare su parte della larghezza della carreggiata stradale, con conseguente restringimento, garantendolo, in sicurezza, nella parte di carreggiata non impegnata dai lavori; istituito infine il limite massimo di velocit\u00e0 di 20 km\/h, nei tratti in cui insistono i cantieri di lavoro e per una lunghezza di 50 metri prima, secondo il senso di marcia dei tratti cantierati.<div id=\"videoincontent\" style=\"clear:both\";><\/div><\/p>\n","protected":false},"excerpt":{"rendered":"<p>Luned\u00ec 31, marted\u00ec 1, venerd\u00ec 4 e luned\u00ec 7 giugno saranno effettuati lavori di costruzione di una linea bassa tensione in cavo interrato in via Lanterna a Torre Faro. Per consentirne l\u2019esecuzione vigeranno pertanto i divieti di sosta 0-24, su entrambi ambo i lati e di transito veicolare su parte della larghezza della carreggiata stradale, [&hellip;]<\/p>\n","protected":false},"author":4,"featured_media":57548,"comment_status":"open","ping_status":"open","sticky":false,"template":"","format":"standard","meta":{"ub_ctt_via":"","_mi_skip_tracking":false},"categories":[5],"tags":[1154,2046],"featured_image_src":"https:\/\/www.messinaoggi.it\/website\/wp-content\/uploads\/2021\/03\/torre-faro-dallalto-3.jpg","author_info":{"display_name":"redme","author_link":"https:\/\/www.messinaoggi.it\/website\/author\/redme\/"},"digistream_id":0,"digistream":false,"_links":{"self":[{"href":"https:\/\/www.messinaoggi.it\/website\/wp-json\/wp\/v2\/posts\/66503"}],"collection":[{"href":"https:\/\/www.messinaoggi.it\/website\/wp-json\/wp\/v2\/posts"}],"about":[{"href":"https:\/\/www.messinaoggi.it\/website\/wp-json\/wp\/v2\/types\/post"}],"author":[{"embeddable":true,"href":"https:\/\/www.messinaoggi.it\/website\/wp-json\/wp\/v2\/users\/4"}],"replies":[{"embeddable":true,"href":"https:\/\/www.messinaoggi.it\/website\/wp-json\/wp\/v2\/comments?post=66503"}],"version-history":[{"count":1,"href":"https:\/\/www.messinaoggi.it\/website\/wp-json\/wp\/v2\/posts\/66503\/revisions"}],"predecessor-version":[{"id":66504,"href":"https:\/\/www.messinaoggi.it\/website\/wp-json\/wp\/v2\/posts\/66503\/revisions\/66504"}],"wp:featuredmedia":[{"embeddable":true,"href":"https:\/\/www.messinaoggi.it\/website\/wp-json\/wp\/v2\/media\/57548"}],"wp:attachment":[{"href":"https:\/\/www.messinaoggi.it\/website\/wp-json\/wp\/v2\/media?parent=66503"}],"wp:term":[{"taxonomy":"category","embeddable":true,"href":"https:\/\/www.messinaoggi.it\/website\/wp-json\/wp\/v2\/categories?post=66503"},{"taxonomy":"post_tag","embeddable":true,"href":"https:\/\/www.messinaoggi.it\/website\/wp-json\/wp\/v2\/tags?post=66503"}],"curies":[{"name":"wp","href":"https:\/\/api.w.org\/{rel}","templated":true}]}}