{"id":66298,"date":"2021-05-27T10:07:33","date_gmt":"2021-05-27T08:07:33","guid":{"rendered":"https:\/\/www.messinaoggi.it\/website\/2021\/05\/27\/recovery-fedriga-serve-regia-governo-ci-coinvolga-per-fare-bene\/"},"modified":"2021-05-27T10:18:06","modified_gmt":"2021-05-27T08:18:06","slug":"recovery-fedriga-serve-regia-governo-ci-coinvolga-per-fare-bene","status":"publish","type":"post","link":"https:\/\/www.messinaoggi.it\/website\/2021\/05\/27\/recovery-fedriga-serve-regia-governo-ci-coinvolga-per-fare-bene\/","title":{"rendered":"Recovery, Fedriga \u201cServe regia, Governo ci coinvolga per fare bene\u201d"},"content":{"rendered":"<div>ROMA (ITALPRESS) &#8211; Il dossier pi\u00f9 urgente sul tavolo della Conferenza delle Regioni \u00e8  &#8220;certamente il Pnrr. Ora stiamo impostando le modalit\u00e0 di collaborazione con il Governo: \u00e8 fondamentale che ci sia una regia che metta insieme i diversi progetti. Perch\u00e8 ovviamente il Piano dovr\u00e0 integrarsi con gli altri progetti gi\u00e0 esistenti, della Regione, dello Stato e dell&#8217;Unione. Il che non \u00e8 semplicissimo&#8221;. Cos\u00ec, in un&#8217;intervista al Corriere della Sera, il presidente della Conferenza delle Regioni e governatore del Friuli Venezia-Giulia, Massimiliano Fedriga. Ma &#8220;la preoccupazione che ho \u00e8 il non vedere coinvolte le Regioni in modo sufficiente. Per\u00f2, devo dire che mi pare che il Governo sia consapevole della necessit\u00e0 di decidere le cose insieme. Non per nostre smanie di protagonismo, ma per poter fare bene. Altrimenti, rischiamo che ci sfugga la ripresa dopo un anno e mezzo di pandemia&#8221;, osserva Fedriga.<br \/>La pandemia ha rimesso in qualche modo in discussione le autonomie. C&#8217;\u00e8 chi dice che la sanit\u00e0 debba ritornare statale. &#8220;Penso che questa sia una visione lontana dalla realt\u00e0. Le Regioni, al contrario, in questa prova difficilissima hanno dato una risposta importante. Con tutti i limiti e i problemi che ci sono stati, e che abbiamo visto ovunque nel mondo, non credo che la risposta sarebbe stata migliore con un sistema centralizzato&#8221;, conclude Fedriga.<br \/>(ITALPRESS).<\/div>\n<div id=\"div-gpt-ad-Messinaoggi.it-DSK-300x250-corpoart\" style=\"text-align:center;margin:0 auto;\"><\/div><\/p><div id=\"videoincontent\" style=\"clear:both\";><\/div>","protected":false},"excerpt":{"rendered":"<p>ROMA (ITALPRESS) &#8211; Il dossier pi\u00f9 urgente sul tavolo della Conferenza delle Regioni \u00e8 &#8220;certamente il Pnrr. Ora stiamo impostando le modalit\u00e0 di collaborazione con il Governo: \u00e8 fondamentale che ci sia una regia che metta insieme i diversi progetti. Perch\u00e8 ovviamente il Piano dovr\u00e0 integrarsi con gli altri progetti gi\u00e0 esistenti, della Regione, dello [&hellip;]<\/p>\n","protected":false},"author":18,"featured_media":66299,"comment_status":"closed","ping_status":"closed","sticky":false,"template":"","format":"standard","meta":{"ub_ctt_via":"","_mi_skip_tracking":false},"categories":[446,4],"tags":[783],"featured_image_src":"https:\/\/www.messinaoggi.it\/website\/wp-content\/uploads\/2021\/05\/20210527_0153-700x486-1.jpg","author_info":{"display_name":"Admin","author_link":"https:\/\/www.messinaoggi.it\/website\/author\/admin\/"},"digistream_id":0,"digistream":false,"_links":{"self":[{"href":"https:\/\/www.messinaoggi.it\/website\/wp-json\/wp\/v2\/posts\/66298"}],"collection":[{"href":"https:\/\/www.messinaoggi.it\/website\/wp-json\/wp\/v2\/posts"}],"about":[{"href":"https:\/\/www.messinaoggi.it\/website\/wp-json\/wp\/v2\/types\/post"}],"author":[{"embeddable":true,"href":"https:\/\/www.messinaoggi.it\/website\/wp-json\/wp\/v2\/users\/18"}],"replies":[{"embeddable":true,"href":"https:\/\/www.messinaoggi.it\/website\/wp-json\/wp\/v2\/comments?post=66298"}],"version-history":[{"count":1,"href":"https:\/\/www.messinaoggi.it\/website\/wp-json\/wp\/v2\/posts\/66298\/revisions"}],"predecessor-version":[{"id":66306,"href":"https:\/\/www.messinaoggi.it\/website\/wp-json\/wp\/v2\/posts\/66298\/revisions\/66306"}],"wp:featuredmedia":[{"embeddable":true,"href":"https:\/\/www.messinaoggi.it\/website\/wp-json\/wp\/v2\/media\/66299"}],"wp:attachment":[{"href":"https:\/\/www.messinaoggi.it\/website\/wp-json\/wp\/v2\/media?parent=66298"}],"wp:term":[{"taxonomy":"category","embeddable":true,"href":"https:\/\/www.messinaoggi.it\/website\/wp-json\/wp\/v2\/categories?post=66298"},{"taxonomy":"post_tag","embeddable":true,"href":"https:\/\/www.messinaoggi.it\/website\/wp-json\/wp\/v2\/tags?post=66298"}],"curies":[{"name":"wp","href":"https:\/\/api.w.org\/{rel}","templated":true}]}}