{"id":66296,"date":"2021-05-27T10:04:39","date_gmt":"2021-05-27T08:04:39","guid":{"rendered":"http:\/\/www.messinaoggi.it\/website\/?p=66296"},"modified":"2021-05-27T10:04:40","modified_gmt":"2021-05-27T08:04:40","slug":"la-uil-si-rafforza-aperta-nuova-sede-a-brolo","status":"publish","type":"post","link":"https:\/\/www.messinaoggi.it\/website\/2021\/05\/27\/la-uil-si-rafforza-aperta-nuova-sede-a-brolo\/","title":{"rendered":"La Uil si rafforza: aperta nuova sede a Brolo"},"content":{"rendered":"\n<p>La Uil Messina cresce e si rafforza ulteriormente: prosegue, infatti, l\u2019azione di sviluppo organizzativo attraverso una presenza capillare del sindacato nel territorio della provincia.<div id=\"div-gpt-ad-Messinaoggi.it-DSK-300x250-corpoart\" style=\"text-align:center;margin:0 auto;\"><\/div><\/p>\n\n\n\n<p>A Brolo, da qualche settimana, \u00e8 stato aperto al pubblico ed \u00e8 operativo il nuovo Centro Raccolta della Uil che sar\u00e0 diretto dall\u2019avvocato Aurelia Russo.<div id=\"videoincontent\" style=\"clear:both\";><\/div><\/p>\n\n\n\n<p>La sede si trova nella centralissima Via Vittorio Emanuele III, 103 di Brolo ed offrir\u00e0 a tutti i cittadini (lavoratori, pensionati, disoccupati) i servizi di Patronato e Caf, nonch\u00e9 assistenza sindacale e legale in tutti i settori e comparti.<\/p>\n\n\n\n<p>I contatti della nuova sede Uil di Brolo sono i seguenti: tel. 328.0526165 &#8211; mail: uilservizi.brolo@gmail.com .<\/p>\n\n\n\n<p>\u201cDesidero ringraziare la brava e competente avvocato Aurelia Russo, neo-Responsabile del Centro Raccolta Uil di Brolo, &#8211; ha dichiarato Ivan Tripodi, segretario generale della Uil Messina \u2013 la quale, con grande impegno e caparbiet\u00e0, ha deciso di iniziare questa nuova ed entusiasmante avventura che, tenuto conto della sua riconosciuta professionalit\u00e0, la porter\u00e0 ad essere un concreto punto di riferimento al servizio della collettivit\u00e0 di quel territorio\u201d.<\/p>\n","protected":false},"excerpt":{"rendered":"<p>La Uil Messina cresce e si rafforza ulteriormente: prosegue, infatti, l\u2019azione di sviluppo organizzativo attraverso una presenza capillare del sindacato nel territorio della provincia. A Brolo, da qualche settimana, \u00e8 stato aperto al pubblico ed \u00e8 operativo il nuovo Centro Raccolta della Uil che sar\u00e0 diretto dall\u2019avvocato Aurelia Russo. La sede si trova nella centralissima [&hellip;]<\/p>\n","protected":false},"author":8,"featured_media":2836,"comment_status":"open","ping_status":"open","sticky":false,"template":"","format":"standard","meta":{"ub_ctt_via":"","_mi_skip_tracking":false},"categories":[13,14],"tags":[1136,141],"featured_image_src":"https:\/\/www.messinaoggi.it\/website\/wp-content\/uploads\/2017\/06\/Brolo-2.jpg","author_info":{"display_name":"red..me","author_link":"https:\/\/www.messinaoggi.it\/website\/author\/redstage\/"},"digistream_id":0,"digistream":false,"_links":{"self":[{"href":"https:\/\/www.messinaoggi.it\/website\/wp-json\/wp\/v2\/posts\/66296"}],"collection":[{"href":"https:\/\/www.messinaoggi.it\/website\/wp-json\/wp\/v2\/posts"}],"about":[{"href":"https:\/\/www.messinaoggi.it\/website\/wp-json\/wp\/v2\/types\/post"}],"author":[{"embeddable":true,"href":"https:\/\/www.messinaoggi.it\/website\/wp-json\/wp\/v2\/users\/8"}],"replies":[{"embeddable":true,"href":"https:\/\/www.messinaoggi.it\/website\/wp-json\/wp\/v2\/comments?post=66296"}],"version-history":[{"count":1,"href":"https:\/\/www.messinaoggi.it\/website\/wp-json\/wp\/v2\/posts\/66296\/revisions"}],"predecessor-version":[{"id":66297,"href":"https:\/\/www.messinaoggi.it\/website\/wp-json\/wp\/v2\/posts\/66296\/revisions\/66297"}],"wp:featuredmedia":[{"embeddable":true,"href":"https:\/\/www.messinaoggi.it\/website\/wp-json\/wp\/v2\/media\/2836"}],"wp:attachment":[{"href":"https:\/\/www.messinaoggi.it\/website\/wp-json\/wp\/v2\/media?parent=66296"}],"wp:term":[{"taxonomy":"category","embeddable":true,"href":"https:\/\/www.messinaoggi.it\/website\/wp-json\/wp\/v2\/categories?post=66296"},{"taxonomy":"post_tag","embeddable":true,"href":"https:\/\/www.messinaoggi.it\/website\/wp-json\/wp\/v2\/tags?post=66296"}],"curies":[{"name":"wp","href":"https:\/\/api.w.org\/{rel}","templated":true}]}}