{"id":66292,"date":"2021-05-27T09:51:27","date_gmt":"2021-05-27T07:51:27","guid":{"rendered":"http:\/\/www.messinaoggi.it\/website\/?p=66292"},"modified":"2021-05-27T10:17:57","modified_gmt":"2021-05-27T08:17:57","slug":"papardo-cgil-e-uil-convocate-allars","status":"publish","type":"post","link":"https:\/\/www.messinaoggi.it\/website\/2021\/05\/27\/papardo-cgil-e-uil-convocate-allars\/","title":{"rendered":"Papardo, Cgil e Uil convocate all\u2019Ars"},"content":{"rendered":"\n<p>La forte mobilitazione di Cgil, Fp Cgil, Uil e Uil Fpl dopo la bocciatura, da parte dell\u2019assessorato regionale alla Salute, della Dotazione organica e Piano triennale del fabbisogno del personale dell&#8217;ospedale \u201cPapardo\u201d  comincia a sortire i primi effetti.<div id=\"div-gpt-ad-Messinaoggi.it-DSK-300x250-corpoart\" style=\"text-align:center;margin:0 auto;\"><\/div><\/p>\n\n\n\n<p>La presidente della Commissione all\u2019Ars \u201cServizi sociali e sanitari\u201d, Ruvolo La Rocca, ha convocato infatti le organizzazioni sindacali per intervenire, in audizione, ai lavori della Commisssione, previsti il prossimo primo giugno. La Commissione, in particolare, affronter\u00e0 \u201cle problematiche del Papardo con particolare riferimento alla riduzione del tetto di spesa\u201d.<div id=\"videoincontent\" style=\"clear:both\";><\/div><\/p>\n\n\n\n<p>In Commissione saranno convocati &#8211; oltre a Cgil, Fp Cgil, Uil e Uil Fpl &#8211; UGL Medici, CISL Medici, AAROI-EMAC, ANAAO, FVM, Nursing Up, FSI, Nursind. Parteciperanno ai lavori anche il direttore generale del Papardo, Mario Paino; il dirigente generale dell\u2019Assessorato Salute, Mario La Rocca; il presidente della Regione Nello Musumeci, nelle vesti di assessore regionale della Salute ad interim.<\/p>\n\n\n\n<p>\u201cFar\u00f2 tutto quanto in mio potere affinch\u00e9 Messina eviti quest\u2019ennesimo scippo. \u2013 ha dichiarato Antonio De Luca, deputato regionale del M5S, uno dei promotori dell\u2019incontro che si terr\u00e0 il primo giugno &#8211; L&#8217;ospedale Papardo \u00e8 un presidio fondamentale per la citt\u00e0 dello Stretto, come abbiamo avuto modo di vedere anche durante questa pandemia. Non \u00e8 tollerabile che vengano tagliati fondi ad una struttura ospedaliera cos\u00ec importante, penalizzando sia il personale medico che i cittadini. Mi auguro che la politica tutta ed i sindacati si uniscano in quella che deve essere una battaglia per la citt\u00e0 di Messina. Non possiamo accettare che venga mortificata la nostra sanit\u00e0 e dobbiamo unire le nostre forze per salvare l\u2019Ospedale Papardo\u201d.<\/p>\n\n\n\n<p>\u201cSi tratta di un primo risultato concreto che \u2013 se certamente non risolve la grave situazione che investe i lavoratori del Papardo e, pi\u00f9 in generale, la collettivit\u00e0 messinese \u2013 rappresenta la piena certificazione della necessit\u00e0 di rilanciare una grande vertenza territoriale\u201d, si legge in una nota di Cgil e Uil. In tal senso, rimane ferma la convocazione dell\u2019Assemblea dei lavoratori che si svolger\u00e0 venerd\u00ec 28 maggio alle ore 11.00 presso l\u2019auditorium del Papardo durante la quale si decideranno eventuali nuove mobilitazioni per salvare l\u2019importante presidio ospedaliero e salvaguardare tutti i posti di lavoro seriamente minacciati dalla recente decisione assunta dall\u2019assessorato regionale alla salute.<\/p>\n","protected":false},"excerpt":{"rendered":"<p>La forte mobilitazione di Cgil, Fp Cgil, Uil e Uil Fpl dopo la bocciatura, da parte dell\u2019assessorato regionale alla Salute, della Dotazione organica e Piano triennale del fabbisogno del personale dell&#8217;ospedale \u201cPapardo\u201d comincia a sortire i primi effetti. La presidente della Commissione all\u2019Ars \u201cServizi sociali e sanitari\u201d, Ruvolo La Rocca, ha convocato infatti le organizzazioni [&hellip;]<\/p>\n","protected":false},"author":8,"featured_media":44335,"comment_status":"open","ping_status":"open","sticky":false,"template":"","format":"standard","meta":{"ub_ctt_via":"","_mi_skip_tracking":false},"categories":[11],"tags":[967,2032,812,141],"featured_image_src":"https:\/\/www.messinaoggi.it\/website\/wp-content\/uploads\/2020\/06\/papardo-3.jpg","author_info":{"display_name":"red..me","author_link":"https:\/\/www.messinaoggi.it\/website\/author\/redstage\/"},"digistream_id":0,"digistream":false,"_links":{"self":[{"href":"https:\/\/www.messinaoggi.it\/website\/wp-json\/wp\/v2\/posts\/66292"}],"collection":[{"href":"https:\/\/www.messinaoggi.it\/website\/wp-json\/wp\/v2\/posts"}],"about":[{"href":"https:\/\/www.messinaoggi.it\/website\/wp-json\/wp\/v2\/types\/post"}],"author":[{"embeddable":true,"href":"https:\/\/www.messinaoggi.it\/website\/wp-json\/wp\/v2\/users\/8"}],"replies":[{"embeddable":true,"href":"https:\/\/www.messinaoggi.it\/website\/wp-json\/wp\/v2\/comments?post=66292"}],"version-history":[{"count":2,"href":"https:\/\/www.messinaoggi.it\/website\/wp-json\/wp\/v2\/posts\/66292\/revisions"}],"predecessor-version":[{"id":66295,"href":"https:\/\/www.messinaoggi.it\/website\/wp-json\/wp\/v2\/posts\/66292\/revisions\/66295"}],"wp:featuredmedia":[{"embeddable":true,"href":"https:\/\/www.messinaoggi.it\/website\/wp-json\/wp\/v2\/media\/44335"}],"wp:attachment":[{"href":"https:\/\/www.messinaoggi.it\/website\/wp-json\/wp\/v2\/media?parent=66292"}],"wp:term":[{"taxonomy":"category","embeddable":true,"href":"https:\/\/www.messinaoggi.it\/website\/wp-json\/wp\/v2\/categories?post=66292"},{"taxonomy":"post_tag","embeddable":true,"href":"https:\/\/www.messinaoggi.it\/website\/wp-json\/wp\/v2\/tags?post=66292"}],"curies":[{"name":"wp","href":"https:\/\/api.w.org\/{rel}","templated":true}]}}