{"id":66269,"date":"2021-05-27T01:07:37","date_gmt":"2021-05-26T23:07:37","guid":{"rendered":"https:\/\/www.messinaoggi.it\/website\/2021\/05\/27\/europa-league-al-villarreal-manutd-ko-ai-rigori\/"},"modified":"2021-05-27T01:10:35","modified_gmt":"2021-05-26T23:10:35","slug":"europa-league-al-villarreal-manutd-ko-ai-rigori","status":"publish","type":"post","link":"https:\/\/www.messinaoggi.it\/website\/2021\/05\/27\/europa-league-al-villarreal-manutd-ko-ai-rigori\/","title":{"rendered":"Europa League al Villarreal, ManUtd ko ai rigori"},"content":{"rendered":"<div>DANZICA (POLONIA) (ITALPRESS) &#8211; E&#8217; il Villarreal ad alzare al cielo il trofeo dell&#8217;Europa League. In una finale non spettacolare ma in equilibrio per oltre 120&#8242;, il Manchester United cade ai rigori a Danzica dopo l&#8217;errore di De Gea in una interminabile serie di rigori. Pronostici della vigilia capovolti, con il primo trionfo in una grande competizione degli spagnoli. Eppure, lo United sembrava poter prendere in mano il comando delle operazioni. Il Villarreal fa fatica a ripartire ma concede poco anche dalle parti di Rulli. Greenwood prova a scardinare l&#8217;attenta retroguardia spagnola con un illuminante lancio, ma Cavani sbaglia il controllo e pochi minuti pi\u00f9 tardi \u00e8 ancora protagonista in negativo. Un fallo evitabile nella propria met\u00e0 campo regala al Sottomarino Giallo il vantaggio, con la punizione magistrale di Parejo per il tocco in spaccata del solito Gerard Moreno che al 29&#8242; batte De Gea sul primo palo. Il Villarreal fa dunque densit\u00e0 nella trequarti e inaridisce le fonti di gioco dei Red Devils: l&#8217;unico vero brivido della prima frazione \u00e8 provocato da Albiol, che devia di coscia sul cross di Greenwood ma trova Rulli pronto ad abbracciare la sfera e scongiurare il rischio dell&#8217;autogol.<br \/>Il ritmo decolla nella ripresa: Bacca mastica il pallone del potenziale 2-0, dall&#8217;altro lato invece non perdona Cavani. Il &#8216;Matador&#8217; insacca a porta libera al 55&#8242; dopo un flipper ed esulta dopo un lungo check per la possibile posizione di fuorigioco. Lo United ritrova slancio, Emery si copre sostituendo Bacca con Coquelin e il match si trascina sino al 90&#8242; senza particolari sussulti. Il primo cambio di Solskjaer (Fred per Greenwood) arriva a met\u00e0 del primo tempo supplementare, sotto la pioggia di Danzica le due squadre accusano le scorie di una stagione interminabile e si danno appuntamento alla lotteria dei rigori: dopo venti rigori perfetti sono i due portieri a decidere la sfida. Rulli segna, De Gea no e la festa del Villarreal pu\u00f2 scattare con Emery che entra nella storia, vincendo la quarta Europa League della carriera (tre col Siviglia).<br \/>(ITALPRESS).<\/div>\n<div id=\"div-gpt-ad-Messinaoggi.it-DSK-300x250-corpoart\" style=\"text-align:center;margin:0 auto;\"><\/div><\/p><div id=\"videoincontent\" style=\"clear:both\";><\/div>","protected":false},"excerpt":{"rendered":"<p>DANZICA (POLONIA) (ITALPRESS) &#8211; E&#8217; il Villarreal ad alzare al cielo il trofeo dell&#8217;Europa League. In una finale non spettacolare ma in equilibrio per oltre 120&#8242;, il Manchester United cade ai rigori a Danzica dopo l&#8217;errore di De Gea in una interminabile serie di rigori. Pronostici della vigilia capovolti, con il primo trionfo in una [&hellip;]<\/p>\n","protected":false},"author":18,"featured_media":66270,"comment_status":"closed","ping_status":"closed","sticky":false,"template":"","format":"standard","meta":{"ub_ctt_via":"","_mi_skip_tracking":false},"categories":[10,446,9],"tags":[783],"featured_image_src":"https:\/\/www.messinaoggi.it\/website\/wp-content\/uploads\/2021\/05\/20210527_0007.jpg","author_info":{"display_name":"Admin","author_link":"https:\/\/www.messinaoggi.it\/website\/author\/admin\/"},"digistream_id":0,"digistream":false,"_links":{"self":[{"href":"https:\/\/www.messinaoggi.it\/website\/wp-json\/wp\/v2\/posts\/66269"}],"collection":[{"href":"https:\/\/www.messinaoggi.it\/website\/wp-json\/wp\/v2\/posts"}],"about":[{"href":"https:\/\/www.messinaoggi.it\/website\/wp-json\/wp\/v2\/types\/post"}],"author":[{"embeddable":true,"href":"https:\/\/www.messinaoggi.it\/website\/wp-json\/wp\/v2\/users\/18"}],"replies":[{"embeddable":true,"href":"https:\/\/www.messinaoggi.it\/website\/wp-json\/wp\/v2\/comments?post=66269"}],"version-history":[{"count":1,"href":"https:\/\/www.messinaoggi.it\/website\/wp-json\/wp\/v2\/posts\/66269\/revisions"}],"predecessor-version":[{"id":66276,"href":"https:\/\/www.messinaoggi.it\/website\/wp-json\/wp\/v2\/posts\/66269\/revisions\/66276"}],"wp:featuredmedia":[{"embeddable":true,"href":"https:\/\/www.messinaoggi.it\/website\/wp-json\/wp\/v2\/media\/66270"}],"wp:attachment":[{"href":"https:\/\/www.messinaoggi.it\/website\/wp-json\/wp\/v2\/media?parent=66269"}],"wp:term":[{"taxonomy":"category","embeddable":true,"href":"https:\/\/www.messinaoggi.it\/website\/wp-json\/wp\/v2\/categories?post=66269"},{"taxonomy":"post_tag","embeddable":true,"href":"https:\/\/www.messinaoggi.it\/website\/wp-json\/wp\/v2\/tags?post=66269"}],"curies":[{"name":"wp","href":"https:\/\/api.w.org\/{rel}","templated":true}]}}