{"id":66194,"date":"2021-05-26T16:07:34","date_gmt":"2021-05-26T14:07:34","guid":{"rendered":"https:\/\/www.messinaoggi.it\/website\/2021\/05\/26\/niente-rinnovo-paratici-lascera-la-juventus\/"},"modified":"2021-05-26T21:57:14","modified_gmt":"2021-05-26T19:57:14","slug":"niente-rinnovo-paratici-lascera-la-juventus","status":"publish","type":"post","link":"https:\/\/www.messinaoggi.it\/website\/2021\/05\/26\/niente-rinnovo-paratici-lascera-la-juventus\/","title":{"rendered":"Niente rinnovo, Paratici lascer\u00e0 la Juventus"},"content":{"rendered":"<div>TORINO (ITALPRESS) &#8211; In attesa di capire chi guider\u00e0 la Juventus nella prossima stagione, ecco la prima novit\u00e0: il contratto di Fabio Paratici non sar\u00e0 rinnovato. L&#8217;annuncio arriva dalla societ\u00e0 bianconera dopo l&#8217;incontro di oggi fra lo stesso Paratici e il presidente Andrea Agnelli negli uffici della Continassa. Arrivato dalla Samp nell&#8217;estate 2010, Paratici ha ricoperto prima l&#8217;incarico di coordinatore dell&#8217;area Tecnica, poi quello di direttore sportivo dalla stagione 2011-2012, dal 2018 quello di Chief Football Officer e ora l&#8217;incarico di managing director Football Area. &#8220;Sono stati anni bellissimi, di crescita professionale e di forti emozioni &#8211; si congeda -. La Juventus mi ha concesso l&#8217;opportunit\u00e0 di svolgere la mia attivit\u00e0 in piena libert\u00e0 e senza condizionamenti nel pieno rispetto del mio ruolo. Si chiude un capitolo importante della mia carriera, in attesa di nuove sfide&#8221;. &#8220;Fabio ha scritto in questi anni la storia della Juventus &#8211; il saluto di Agnelli &#8211; Un percorso di crescita caratterizzato da professionalit\u00e0, abnegazione e tanti successi. Diciannove trofei in 11 anni sono la miglior testimonianza del suo lavoro, che si iscrive appieno nella lunga tradizione del nostro club. Oggi \u00e8 il momento di ringraziarlo per aver saputo creare un forte legame professionale, accompagnato dalla passione quotidiana&#8221;. Agnelli e Paratici incontreranno i media il 4 giugno presso l&#8217;Allianz Stadium.<br \/>(ITALPRESS).<\/div>\n<div id=\"div-gpt-ad-Messinaoggi.it-DSK-300x250-corpoart\" style=\"text-align:center;margin:0 auto;\"><\/div><\/p><div id=\"videoincontent\" style=\"clear:both\";><\/div>","protected":false},"excerpt":{"rendered":"<p>TORINO (ITALPRESS) &#8211; In attesa di capire chi guider\u00e0 la Juventus nella prossima stagione, ecco la prima novit\u00e0: il contratto di Fabio Paratici non sar\u00e0 rinnovato. L&#8217;annuncio arriva dalla societ\u00e0 bianconera dopo l&#8217;incontro di oggi fra lo stesso Paratici e il presidente Andrea Agnelli negli uffici della Continassa. Arrivato dalla Samp nell&#8217;estate 2010, Paratici ha [&hellip;]<\/p>\n","protected":false},"author":18,"featured_media":66195,"comment_status":"closed","ping_status":"closed","sticky":false,"template":"","format":"standard","meta":{"ub_ctt_via":"","_mi_skip_tracking":false},"categories":[10,446,9],"tags":[783],"featured_image_src":"https:\/\/www.messinaoggi.it\/website\/wp-content\/uploads\/2021\/05\/20210526_1199.jpg","author_info":{"display_name":"Admin","author_link":"https:\/\/www.messinaoggi.it\/website\/author\/admin\/"},"digistream_id":0,"digistream":false,"_links":{"self":[{"href":"https:\/\/www.messinaoggi.it\/website\/wp-json\/wp\/v2\/posts\/66194"}],"collection":[{"href":"https:\/\/www.messinaoggi.it\/website\/wp-json\/wp\/v2\/posts"}],"about":[{"href":"https:\/\/www.messinaoggi.it\/website\/wp-json\/wp\/v2\/types\/post"}],"author":[{"embeddable":true,"href":"https:\/\/www.messinaoggi.it\/website\/wp-json\/wp\/v2\/users\/18"}],"replies":[{"embeddable":true,"href":"https:\/\/www.messinaoggi.it\/website\/wp-json\/wp\/v2\/comments?post=66194"}],"version-history":[{"count":1,"href":"https:\/\/www.messinaoggi.it\/website\/wp-json\/wp\/v2\/posts\/66194\/revisions"}],"predecessor-version":[{"id":66262,"href":"https:\/\/www.messinaoggi.it\/website\/wp-json\/wp\/v2\/posts\/66194\/revisions\/66262"}],"wp:featuredmedia":[{"embeddable":true,"href":"https:\/\/www.messinaoggi.it\/website\/wp-json\/wp\/v2\/media\/66195"}],"wp:attachment":[{"href":"https:\/\/www.messinaoggi.it\/website\/wp-json\/wp\/v2\/media?parent=66194"}],"wp:term":[{"taxonomy":"category","embeddable":true,"href":"https:\/\/www.messinaoggi.it\/website\/wp-json\/wp\/v2\/categories?post=66194"},{"taxonomy":"post_tag","embeddable":true,"href":"https:\/\/www.messinaoggi.it\/website\/wp-json\/wp\/v2\/tags?post=66194"}],"curies":[{"name":"wp","href":"https:\/\/api.w.org\/{rel}","templated":true}]}}