{"id":66179,"date":"2021-05-26T16:22:59","date_gmt":"2021-05-26T14:22:59","guid":{"rendered":"http:\/\/www.messinaoggi.it\/website\/?p=66179"},"modified":"2021-05-26T15:03:59","modified_gmt":"2021-05-26T13:03:59","slug":"disabili-gravissimi-assegno-di-cura-ancora-bloccato-alla-regione","status":"publish","type":"post","link":"https:\/\/www.messinaoggi.it\/website\/2021\/05\/26\/disabili-gravissimi-assegno-di-cura-ancora-bloccato-alla-regione\/","title":{"rendered":"Disabili gravissimi, assegno di cura ancora bloccato alla Regione"},"content":{"rendered":"\n<p>&#8220;Disabili gravissimi, ancora bloccate le domande per ottenere l\u2019assegno di cura. Manca il decreto dell\u2019assessorato alla Famiglia e alle Politiche sociali che avvii il meccanismo che consenta di presentare l\u2019istanza di accesso al fondo per la disabilit\u00e0 e la non autosufficienza. E le famiglie dei disabili sono in allarme, anche perch\u00e9 alle Asp spesso non sanno nemmeno cosa dire loro&#8221;:\u00a0a\u00a0denunciarlo sono i deputati regionali componenti della commissione Salute dell\u2019Ars, Antonio De Luca, Giorgio Pasqua, Salvatore Siragusa e Francesco Cappello, cui sono arrivate decine di lamentele per questa vicenda.\u201cA dire la verit\u00e0 &#8211; afferma De Luca\u00a0 &#8211; manca proprio tutto, circolare, modulistica e comunicazione, col risultato che la gente fa viaggi a vuoto alle Asp, aumentando i disagi quotidiani che gi\u00e0 devono sopportare per ovvie ragioni. Il termine per la presentazione delle domande per poter accedere al fondo scade il 30 giugno, ma ci si deve muovere per tempo per dare la possibilit\u00e0 a tutti di poter presentare le istanze. Non si perda ulteriore tempo, che \u00e8 gi\u00e0 tardi. <div id=\"div-gpt-ad-Messinaoggi.it-DSK-300x250-corpoart\" style=\"text-align:center;margin:0 auto;\"><\/div><\/p>\n\n\n\n<p>Il governo non concentri le sue attenzioni solo a vicende come l\u2019aumento dello stipendio del portavoce di Musumeci, per le quali ingrana solitamente la quarta. Ci sono altre cose che dovrebbero avere la prelazione, e quelle relative ai disabili rientrano certamente tra queste\u201d.<div id=\"videoincontent\" style=\"clear:both\";><\/div><\/p>\n\n\n\n<p>La finestra aggiuntiva di giugno (che si aggiunge a quella canonica del 31 dicembre) per la presentazione delle istanze per l\u2019accesso al fondo regionale per la disabilit\u00e0 e la non autosufficienza \u00e8 stata ottenuta grazie ad una norma a firma di De Luca, approvata nel corso dell\u2019ultima Finanziaria regionale.\u201cCon questa finestra \u2013 commentano\u00a0 i deputati 5 stelle &#8211; le persone che purtroppo si trovano in condizione di disabilit\u00e0 gravissima nei primi mesi dell\u2019anno solare non saranno costretti ad attendere un anno per vedere riconosciuto il legittimo diritto a somme che servono per garantire loro una vita dignitosa, somme utili a sopperire alla cronica mancanza di servizi di assistenza e riabilitazione specifica\u201d.<\/p>\n","protected":false},"excerpt":{"rendered":"<p>&#8220;Disabili gravissimi, ancora bloccate le domande per ottenere l\u2019assegno di cura. Manca il decreto dell\u2019assessorato alla Famiglia e alle Politiche sociali che avvii il meccanismo che consenta di presentare l\u2019istanza di accesso al fondo per la disabilit\u00e0 e la non autosufficienza. E le famiglie dei disabili sono in allarme, anche perch\u00e9 alle Asp spesso non [&hellip;]<\/p>\n","protected":false},"author":4,"featured_media":25641,"comment_status":"open","ping_status":"open","sticky":false,"template":"","format":"standard","meta":{"ub_ctt_via":"","_mi_skip_tracking":false},"categories":[5],"tags":[2014],"featured_image_src":"https:\/\/www.messinaoggi.it\/website\/wp-content\/uploads\/2018\/10\/mezzo-trasporto-disabili-con-posto-carrozzina-messinaoggiMarcyRuggi.jpg","author_info":{"display_name":"redme","author_link":"https:\/\/www.messinaoggi.it\/website\/author\/redme\/"},"digistream_id":0,"digistream":false,"_links":{"self":[{"href":"https:\/\/www.messinaoggi.it\/website\/wp-json\/wp\/v2\/posts\/66179"}],"collection":[{"href":"https:\/\/www.messinaoggi.it\/website\/wp-json\/wp\/v2\/posts"}],"about":[{"href":"https:\/\/www.messinaoggi.it\/website\/wp-json\/wp\/v2\/types\/post"}],"author":[{"embeddable":true,"href":"https:\/\/www.messinaoggi.it\/website\/wp-json\/wp\/v2\/users\/4"}],"replies":[{"embeddable":true,"href":"https:\/\/www.messinaoggi.it\/website\/wp-json\/wp\/v2\/comments?post=66179"}],"version-history":[{"count":1,"href":"https:\/\/www.messinaoggi.it\/website\/wp-json\/wp\/v2\/posts\/66179\/revisions"}],"predecessor-version":[{"id":66181,"href":"https:\/\/www.messinaoggi.it\/website\/wp-json\/wp\/v2\/posts\/66179\/revisions\/66181"}],"wp:featuredmedia":[{"embeddable":true,"href":"https:\/\/www.messinaoggi.it\/website\/wp-json\/wp\/v2\/media\/25641"}],"wp:attachment":[{"href":"https:\/\/www.messinaoggi.it\/website\/wp-json\/wp\/v2\/media?parent=66179"}],"wp:term":[{"taxonomy":"category","embeddable":true,"href":"https:\/\/www.messinaoggi.it\/website\/wp-json\/wp\/v2\/categories?post=66179"},{"taxonomy":"post_tag","embeddable":true,"href":"https:\/\/www.messinaoggi.it\/website\/wp-json\/wp\/v2\/tags?post=66179"}],"curies":[{"name":"wp","href":"https:\/\/api.w.org\/{rel}","templated":true}]}}