{"id":66176,"date":"2021-05-27T14:10:59","date_gmt":"2021-05-27T12:10:59","guid":{"rendered":"http:\/\/www.messinaoggi.it\/website\/?p=66176"},"modified":"2021-05-26T14:57:37","modified_gmt":"2021-05-26T12:57:37","slug":"giornata-mondiale-del-gioco-messina-aderisce-a-flash-mob","status":"publish","type":"post","link":"https:\/\/www.messinaoggi.it\/website\/2021\/05\/27\/giornata-mondiale-del-gioco-messina-aderisce-a-flash-mob\/","title":{"rendered":"Giornata mondiale del gioco, Messina aderisce a flash mob"},"content":{"rendered":"\n<p>In occasione della Giornata mondiale del Gioco, che si celebrer\u00e0 venerd\u00ec 28, l\u2019assessorato alle Politiche Sociali e del Volontariato del Comune di Messina aderisce all\u2019iniziativa di un flash mob che si svolger\u00e0 in contemporanea in 9 citt\u00e0 italiane, nel quadro del progetto Ip Ip Urr\u00e0, selezionato da Con i Bambini, nell\u2019ambito del Fondo per il contrasto della povert\u00e0 educativa minorile.<div id=\"div-gpt-ad-Messinaoggi.it-DSK-300x250-corpoart\" style=\"text-align:center;margin:0 auto;\"><\/div><\/p>\n\n\n\n<p>Piazze, parchi, rioni, cortili e balconi diventeranno lo spazio in cui bambini e adulti manderanno un messaggio per il diritto allo spazio urbano e al gioco di un\u2019infanzia duramente colpita dal lockdown e dalla pandemia.<div id=\"videoincontent\" style=\"clear:both\";><\/div><\/p>\n\n\n\n<p>Le citt\u00e0 dove si svolgeranno i flah mob alle 17 di venerd\u00ec 28 sono Bergamo, Firenze, Genova, Lecce, <strong>Messina<\/strong>, Moncalieri, Napoli, Pioltello e Roma. Capofila del progetto \u00e8 l\u2019associazione Chi rom e chi no di Scampia ed i partners che promuovono le iniziative nelle 10 citt\u00e0 partecipanti sono la Cooperativa Sociale Il Cantiere (Albino, Valle Seriana), la Cooperativa L\u2019Abbaino, Consorzio Mestieri Toscana (Firenze), la Cooperativa Sociale Mignanego (Genova), l\u2019Associazione Fermenti lattici (Lecce), EcoS-Med cooperativa sociale (Messina), La Kumpania (Napoli) Libera Compagnia di Arti &amp; Mestieri Sociali (Pioltello), l\u2019Associazione 21 luglio (Roma), la Cooperativa Sociale Educazione Progetto (Torino), la Fondazione Zancan, l\u2019Universit\u00e0 Federico II centro Sinapsi e tante scuole sparse lungo lo stivale.<\/p>\n\n\n\n<p>A Messina, a partire dalle 16 di venerd\u00ec 28, i bambini e le bambine che frequentano il centro socio-educativo di Maregrosso, gli educatori e gli animatori della cooperativa sociale Ecosmed scenderanno in piazza Unione Europea, occupando simbolicamente la piazza principale della citt\u00e0 con i loro colori e con un allegro girotondo. Obiettivo dell\u2019iniziativa \u00e8 quello di ridisegnare un modello di architettura della citt\u00e0 che contempli la presenza di bambine, bambine e adolescenti e consentire di \u2018rigenerare spazi\u2019 per essere protagonisti e non ospiti scomodi dei territori, attraversandoli anche senza l\u2019accompagnamento degli adulti, offrendo occasioni per nutrire passioni, talenti, partecipazione, per rendersi utile, creare e abitare lo spazio pubblico e del gioco.<\/p>\n\n\n\n<p>Il Fondo per il contrasto della povert\u00e0 educativa minorile nasce da un\u2019intesa tra le Fondazioni di origine bancaria rappresentate da Acri, il Forum Nazionale del Terzo Settore e il Governo. Sostiene interventi finalizzati a rimuovere gli ostacoli di natura economica, sociale e culturale che impediscono la piena fruizione dei processi educativi da parte dei minori. Per attuare i programmi del Fondo, a giugno 2016 \u00e8 nata l\u2019impresa sociale Con i Bambini, organizzazione senza scopo di lucro interamente partecipata dalla Fondazione CON IL SUD.<\/p>\n","protected":false},"excerpt":{"rendered":"<p>In occasione della Giornata mondiale del Gioco, che si celebrer\u00e0 venerd\u00ec 28, l\u2019assessorato alle Politiche Sociali e del Volontariato del Comune di Messina aderisce all\u2019iniziativa di un flash mob che si svolger\u00e0 in contemporanea in 9 citt\u00e0 italiane, nel quadro del progetto Ip Ip Urr\u00e0, selezionato da Con i Bambini, nell\u2019ambito del Fondo per il [&hellip;]<\/p>\n","protected":false},"author":4,"featured_media":66177,"comment_status":"open","ping_status":"open","sticky":false,"template":"","format":"standard","meta":{"ub_ctt_via":"","_mi_skip_tracking":false},"categories":[5],"tags":[],"featured_image_src":"https:\/\/www.messinaoggi.it\/website\/wp-content\/uploads\/2021\/05\/ipip-urra-flashmob.jpg","author_info":{"display_name":"redme","author_link":"https:\/\/www.messinaoggi.it\/website\/author\/redme\/"},"digistream_id":0,"digistream":false,"_links":{"self":[{"href":"https:\/\/www.messinaoggi.it\/website\/wp-json\/wp\/v2\/posts\/66176"}],"collection":[{"href":"https:\/\/www.messinaoggi.it\/website\/wp-json\/wp\/v2\/posts"}],"about":[{"href":"https:\/\/www.messinaoggi.it\/website\/wp-json\/wp\/v2\/types\/post"}],"author":[{"embeddable":true,"href":"https:\/\/www.messinaoggi.it\/website\/wp-json\/wp\/v2\/users\/4"}],"replies":[{"embeddable":true,"href":"https:\/\/www.messinaoggi.it\/website\/wp-json\/wp\/v2\/comments?post=66176"}],"version-history":[{"count":1,"href":"https:\/\/www.messinaoggi.it\/website\/wp-json\/wp\/v2\/posts\/66176\/revisions"}],"predecessor-version":[{"id":66178,"href":"https:\/\/www.messinaoggi.it\/website\/wp-json\/wp\/v2\/posts\/66176\/revisions\/66178"}],"wp:featuredmedia":[{"embeddable":true,"href":"https:\/\/www.messinaoggi.it\/website\/wp-json\/wp\/v2\/media\/66177"}],"wp:attachment":[{"href":"https:\/\/www.messinaoggi.it\/website\/wp-json\/wp\/v2\/media?parent=66176"}],"wp:term":[{"taxonomy":"category","embeddable":true,"href":"https:\/\/www.messinaoggi.it\/website\/wp-json\/wp\/v2\/categories?post=66176"},{"taxonomy":"post_tag","embeddable":true,"href":"https:\/\/www.messinaoggi.it\/website\/wp-json\/wp\/v2\/tags?post=66176"}],"curies":[{"name":"wp","href":"https:\/\/api.w.org\/{rel}","templated":true}]}}