{"id":66160,"date":"2021-05-26T14:07:36","date_gmt":"2021-05-26T12:07:36","guid":{"rendered":"https:\/\/www.messinaoggi.it\/website\/2021\/05\/26\/moles-la-pandemia-ha-accelerato-le-criticita-delleditoria\/"},"modified":"2021-05-26T14:07:36","modified_gmt":"2021-05-26T12:07:36","slug":"moles-la-pandemia-ha-accelerato-le-criticita-delleditoria","status":"publish","type":"post","link":"https:\/\/www.messinaoggi.it\/website\/2021\/05\/26\/moles-la-pandemia-ha-accelerato-le-criticita-delleditoria\/","title":{"rendered":"Moles \u201cLa pandemia ha accelerato le criticit\u00e0 dell\u2019editoria\u201d"},"content":{"rendered":"<div>ROMA (ITALPRESS) &#8211; &#8220;Il sistema editoriale, che \u00e8 complesso, aveva delle enormi criticit\u00e0 prima ma poi con la pandemia e con l&#8217;intera crisi socio economica le ha accelerate, come \u00e8 accaduto all&#8217;intero sistema economico italiano&#8221;. Lo ha detto Giuseppe Moles, sottosegretario alla Presidenza del Consiglio con delega all&#8217;Editoria, intervistato da Claudio Brachino per la rubrica &#8220;Primo Piano&#8221; dell&#8217;agenzia Italpress. &#8220;Dietro questa merce delicatissima in realt\u00e0 c&#8217;\u00e8 un elemento molto importante: la notizia &#8211; ha spiegato -, la buona informazione \u00e8 alla base di qualsiasi regime democratico, altrimenti viene meno la possibilit\u00e0 di ognuno di noi di essere correttamente informato. Il mio dovere \u00e8 sostenere e garantire tutta l&#8217;editoria, nessuno escluso, anche con particolare attenzione ai livelli occupazionali. Il mio compito deve svolgersi su due binari: il sostegno immediato e accompagnare nella transizione la pi\u00f9 ampia parte della filiera. E&#8217; stato licenziato definitivamente il Sostegni bis &#8211; ha aggiunto Moles -, all&#8217;interno del quale ci sono una serie di misure per la gran parte dell&#8217;intera filiera editoriale. Ho cercato di dare una prima risposta nell&#8217;immediatezza e man mano che riusciremo a uscire dalla crisi economica tutte le imprese che sono riuscite a sopravvivere potranno utilizzare il medio periodo per adeguarsi al nuovo mondo e per questo c&#8217;\u00e8 il Pnrr&#8221;.<br \/>Parlando della direttiva sul Copyright il sottosegretario ha spiegato come sia fondamentale recepirla: &#8220;E&#8217; mia intenzione fare una serie di proposte, la sfida \u00e8 mettere insieme i mondi che sembrano in contrasto attraverso una rimodulazione del loro valore. Ho pronte una serie di ipotesi che sottoporr\u00f2 ai ministri interessati e a Draghi&#8221;. Infine la politica nazionale. &#8220;Il movimento politico continuer\u00e0 almeno fino alle amministrative ed \u00e8 normale, nello stesso tempo ho chiaro che questo governo \u00e8 di unit\u00e0 nazionale, risponde all&#8217;appello del Presidente Mattarella e ha dei compiti precisi: la vaccinazione, la ripartenza, il Pnrr e far ripartire tutto il sistema economico e sociale. Il resto \u00e8 dialettica politica. Io sono distinto e distante dalle impostazioni ideologiche di altro tipo dei 5 Stelle o del Pd &#8211; ha evidenziato -, credo che lo stesso valga anche per loro&#8221;. Il futuro del centrodestra &#8220;lo vedo pi\u00f9 roseo di quello del centrosinistra, il nostro legame \u00e8 storico e consolidato. Noi siamo distinti ma non distanti. Credo che il percorso del centrodestra sar\u00e0 lungo&#8221;, ha concluso.<br \/>(ITALPRESS).<\/div>\n<div id=\"div-gpt-ad-Messinaoggi.it-DSK-300x250-corpoart\" style=\"text-align:center;margin:0 auto;\"><\/div><\/p><div id=\"videoincontent\" style=\"clear:both\";><\/div>","protected":false},"excerpt":{"rendered":"<p>ROMA (ITALPRESS) &#8211; &#8220;Il sistema editoriale, che \u00e8 complesso, aveva delle enormi criticit\u00e0 prima ma poi con la pandemia e con l&#8217;intera crisi socio economica le ha accelerate, come \u00e8 accaduto all&#8217;intero sistema economico italiano&#8221;. Lo ha detto Giuseppe Moles, sottosegretario alla Presidenza del Consiglio con delega all&#8217;Editoria, intervistato da Claudio Brachino per la rubrica [&hellip;]<\/p>\n","protected":false},"author":18,"featured_media":66161,"comment_status":"closed","ping_status":"closed","sticky":false,"template":"","format":"standard","meta":{"ub_ctt_via":"","_mi_skip_tracking":false},"categories":[446],"tags":[783],"featured_image_src":"https:\/\/www.messinaoggi.it\/website\/wp-content\/uploads\/2021\/05\/20210526_0869.jpg","author_info":{"display_name":"Admin","author_link":"https:\/\/www.messinaoggi.it\/website\/author\/admin\/"},"digistream_id":0,"digistream":false,"_links":{"self":[{"href":"https:\/\/www.messinaoggi.it\/website\/wp-json\/wp\/v2\/posts\/66160"}],"collection":[{"href":"https:\/\/www.messinaoggi.it\/website\/wp-json\/wp\/v2\/posts"}],"about":[{"href":"https:\/\/www.messinaoggi.it\/website\/wp-json\/wp\/v2\/types\/post"}],"author":[{"embeddable":true,"href":"https:\/\/www.messinaoggi.it\/website\/wp-json\/wp\/v2\/users\/18"}],"replies":[{"embeddable":true,"href":"https:\/\/www.messinaoggi.it\/website\/wp-json\/wp\/v2\/comments?post=66160"}],"version-history":[{"count":0,"href":"https:\/\/www.messinaoggi.it\/website\/wp-json\/wp\/v2\/posts\/66160\/revisions"}],"wp:featuredmedia":[{"embeddable":true,"href":"https:\/\/www.messinaoggi.it\/website\/wp-json\/wp\/v2\/media\/66161"}],"wp:attachment":[{"href":"https:\/\/www.messinaoggi.it\/website\/wp-json\/wp\/v2\/media?parent=66160"}],"wp:term":[{"taxonomy":"category","embeddable":true,"href":"https:\/\/www.messinaoggi.it\/website\/wp-json\/wp\/v2\/categories?post=66160"},{"taxonomy":"post_tag","embeddable":true,"href":"https:\/\/www.messinaoggi.it\/website\/wp-json\/wp\/v2\/tags?post=66160"}],"curies":[{"name":"wp","href":"https:\/\/api.w.org\/{rel}","templated":true}]}}