{"id":66139,"date":"2021-05-26T12:07:33","date_gmt":"2021-05-26T10:07:33","guid":{"rendered":"https:\/\/www.messinaoggi.it\/website\/2021\/05\/26\/orlando-nessun-blitz-in-cdm-sul-blocco-dei-licenziamenti\/"},"modified":"2021-05-26T12:07:33","modified_gmt":"2021-05-26T10:07:33","slug":"orlando-nessun-blitz-in-cdm-sul-blocco-dei-licenziamenti","status":"publish","type":"post","link":"https:\/\/www.messinaoggi.it\/website\/2021\/05\/26\/orlando-nessun-blitz-in-cdm-sul-blocco-dei-licenziamenti\/","title":{"rendered":"Orlando \u201cNessun blitz in Cdm sul blocco dei licenziamenti\u201d"},"content":{"rendered":"<div>ROMA (ITALPRESS) &#8211; &#8220;La dinamica che pu\u00f2 guidare un Paese in pandemia non \u00e8 la stessa di un Paese che ne esce. O le forze di maggioranza ripongono le bandiere, oppure mettono a rischio la tenuta del quadro politico. E ci\u00f2 riguarda prevalentemente la Lega, che \u00e8 quella che agita pi\u00f9 bandiere&#8221;. Lo afferma il ministro del Lavoro Andrea Orlando in un&#8217;intervista al Corriere della Sera, che sulle polemiche legate al blocco dei licenziamenti spiega: &#8220;La norma \u00e8 stata elaborata in poche ore in modo da dare pi\u00f9 strumenti alle imprese per attenuare l&#8217;impatto della fine del blocco dei licenziamenti. La sostanza \u00e8 rimasta, con gli incentivi alle imprese a usare la cassa integrazione fino a fine anno senza dovervi contribuire. In cambio si impegnano a non licenziare. L&#8217;altra norma, su chi chiede cassa Covid a giugno, era un corollario conseguente&#8221;. E prosegue &#8220;Mica l&#8217;ho scritta all&#8217;ultimo nei corridoi di Palazzo Chigi. Quella norma \u00e8 stata inviata per posta elettronica certificata agli uffici legislativi competenti due giorni prima. In Consiglio ho solo rinviato al testo, come si fa in questi casi. E poi ne ho parlato apertamente in conferenza stampa, a fianco di Mario Draghi. Secondo lei lo avrei fatto, se ci fosse stato un sotterfugio?&#8221;.<br \/>(ITALPRESS).<\/div>\n<div id=\"div-gpt-ad-Messinaoggi.it-DSK-300x250-corpoart\" style=\"text-align:center;margin:0 auto;\"><\/div><\/p><div id=\"videoincontent\" style=\"clear:both\";><\/div>","protected":false},"excerpt":{"rendered":"<p>ROMA (ITALPRESS) &#8211; &#8220;La dinamica che pu\u00f2 guidare un Paese in pandemia non \u00e8 la stessa di un Paese che ne esce. O le forze di maggioranza ripongono le bandiere, oppure mettono a rischio la tenuta del quadro politico. E ci\u00f2 riguarda prevalentemente la Lega, che \u00e8 quella che agita pi\u00f9 bandiere&#8221;. Lo afferma il [&hellip;]<\/p>\n","protected":false},"author":18,"featured_media":66140,"comment_status":"closed","ping_status":"closed","sticky":false,"template":"","format":"standard","meta":{"ub_ctt_via":"","_mi_skip_tracking":false},"categories":[446],"tags":[783],"featured_image_src":"https:\/\/www.messinaoggi.it\/website\/wp-content\/uploads\/2021\/05\/20210526_0421-300x206-1.jpg","author_info":{"display_name":"Admin","author_link":"https:\/\/www.messinaoggi.it\/website\/author\/admin\/"},"digistream_id":0,"digistream":false,"_links":{"self":[{"href":"https:\/\/www.messinaoggi.it\/website\/wp-json\/wp\/v2\/posts\/66139"}],"collection":[{"href":"https:\/\/www.messinaoggi.it\/website\/wp-json\/wp\/v2\/posts"}],"about":[{"href":"https:\/\/www.messinaoggi.it\/website\/wp-json\/wp\/v2\/types\/post"}],"author":[{"embeddable":true,"href":"https:\/\/www.messinaoggi.it\/website\/wp-json\/wp\/v2\/users\/18"}],"replies":[{"embeddable":true,"href":"https:\/\/www.messinaoggi.it\/website\/wp-json\/wp\/v2\/comments?post=66139"}],"version-history":[{"count":0,"href":"https:\/\/www.messinaoggi.it\/website\/wp-json\/wp\/v2\/posts\/66139\/revisions"}],"wp:featuredmedia":[{"embeddable":true,"href":"https:\/\/www.messinaoggi.it\/website\/wp-json\/wp\/v2\/media\/66140"}],"wp:attachment":[{"href":"https:\/\/www.messinaoggi.it\/website\/wp-json\/wp\/v2\/media?parent=66139"}],"wp:term":[{"taxonomy":"category","embeddable":true,"href":"https:\/\/www.messinaoggi.it\/website\/wp-json\/wp\/v2\/categories?post=66139"},{"taxonomy":"post_tag","embeddable":true,"href":"https:\/\/www.messinaoggi.it\/website\/wp-json\/wp\/v2\/tags?post=66139"}],"curies":[{"name":"wp","href":"https:\/\/api.w.org\/{rel}","templated":true}]}}