{"id":66131,"date":"2021-05-26T11:07:33","date_gmt":"2021-05-26T09:07:33","guid":{"rendered":"https:\/\/www.messinaoggi.it\/website\/2021\/05\/26\/governo-meloni-continuita-tra-conte-e-draghi\/"},"modified":"2021-05-26T12:05:51","modified_gmt":"2021-05-26T10:05:51","slug":"governo-meloni-continuita-tra-conte-e-draghi","status":"publish","type":"post","link":"https:\/\/www.messinaoggi.it\/website\/2021\/05\/26\/governo-meloni-continuita-tra-conte-e-draghi\/","title":{"rendered":"Governo, Meloni \u201cContinuit\u00e0 tra Conte e Draghi\u201d"},"content":{"rendered":"<div>ROMA (ITALPRESS) &#8211; &#8220;In questi primi 100 giorni di Governo Draghi mi pare che ci sia continuit\u00e0 con Conte. I governi fatti cos\u00ec non funzionano e un uomo solo, per quanto autorevole, non riuscir\u00e0 mai a fare la differenza&#8221;. Cos\u00ec Giorgia Meloni, presidente di Fratelli d&#8217;Italia, a Sky TG24.<br \/>&#8220;Noi di Fratelli d&#8217;Italia continuiamo a farci sentire, a portare proposte per migliorare la vita degli italiani ma non vengono tenute in considerazione&#8221;, ha aggiunto Meloni.<br \/>Per il leader di Fdi &#8220;la priorit\u00e0 oggi \u00e8 garantire la sopravvivenza delle imprese, il tema del blocco o dello sblocco dei licenziamenti \u00e8 un falso problema, perch\u00e8 se non riusciremo ad impedire a quel 40% stimato di aziende di chiudere, non ci sar\u00e0 soluzione all&#8217;ecatombe occupazionale&#8221;.<br \/>&#8220;Durante la pandemia la nostra priorit\u00e0 \u00e8 sempre stata intervenire sulle problematiche degli imprenditori come sui costi fissi o la cassa integrazione, Conte prima e Draghi poi non hanno risposto ai nostri solleciti&#8221;, ha proseguito.<br \/>(ITALPRESS).<\/div>\n<div id=\"div-gpt-ad-Messinaoggi.it-DSK-300x250-corpoart\" style=\"text-align:center;margin:0 auto;\"><\/div><\/p><div id=\"videoincontent\" style=\"clear:both\";><\/div>","protected":false},"excerpt":{"rendered":"<p>ROMA (ITALPRESS) &#8211; &#8220;In questi primi 100 giorni di Governo Draghi mi pare che ci sia continuit\u00e0 con Conte. I governi fatti cos\u00ec non funzionano e un uomo solo, per quanto autorevole, non riuscir\u00e0 mai a fare la differenza&#8221;. Cos\u00ec Giorgia Meloni, presidente di Fratelli d&#8217;Italia, a Sky TG24.&#8220;Noi di Fratelli d&#8217;Italia continuiamo a farci [&hellip;]<\/p>\n","protected":false},"author":18,"featured_media":66132,"comment_status":"closed","ping_status":"closed","sticky":false,"template":"","format":"standard","meta":{"ub_ctt_via":"","_mi_skip_tracking":false},"categories":[446,4],"tags":[783],"featured_image_src":"https:\/\/www.messinaoggi.it\/website\/wp-content\/uploads\/2021\/05\/20210526_0254.jpg","author_info":{"display_name":"Admin","author_link":"https:\/\/www.messinaoggi.it\/website\/author\/admin\/"},"digistream_id":0,"digistream":false,"_links":{"self":[{"href":"https:\/\/www.messinaoggi.it\/website\/wp-json\/wp\/v2\/posts\/66131"}],"collection":[{"href":"https:\/\/www.messinaoggi.it\/website\/wp-json\/wp\/v2\/posts"}],"about":[{"href":"https:\/\/www.messinaoggi.it\/website\/wp-json\/wp\/v2\/types\/post"}],"author":[{"embeddable":true,"href":"https:\/\/www.messinaoggi.it\/website\/wp-json\/wp\/v2\/users\/18"}],"replies":[{"embeddable":true,"href":"https:\/\/www.messinaoggi.it\/website\/wp-json\/wp\/v2\/comments?post=66131"}],"version-history":[{"count":1,"href":"https:\/\/www.messinaoggi.it\/website\/wp-json\/wp\/v2\/posts\/66131\/revisions"}],"predecessor-version":[{"id":66136,"href":"https:\/\/www.messinaoggi.it\/website\/wp-json\/wp\/v2\/posts\/66131\/revisions\/66136"}],"wp:featuredmedia":[{"embeddable":true,"href":"https:\/\/www.messinaoggi.it\/website\/wp-json\/wp\/v2\/media\/66132"}],"wp:attachment":[{"href":"https:\/\/www.messinaoggi.it\/website\/wp-json\/wp\/v2\/media?parent=66131"}],"wp:term":[{"taxonomy":"category","embeddable":true,"href":"https:\/\/www.messinaoggi.it\/website\/wp-json\/wp\/v2\/categories?post=66131"},{"taxonomy":"post_tag","embeddable":true,"href":"https:\/\/www.messinaoggi.it\/website\/wp-json\/wp\/v2\/tags?post=66131"}],"curies":[{"name":"wp","href":"https:\/\/api.w.org\/{rel}","templated":true}]}}