{"id":66116,"date":"2021-05-26T09:22:15","date_gmt":"2021-05-26T07:22:15","guid":{"rendered":"http:\/\/www.messinaoggi.it\/website\/?p=66116"},"modified":"2021-05-26T09:22:17","modified_gmt":"2021-05-26T07:22:17","slug":"de-luca-e-la-sfida-impossibile","status":"publish","type":"post","link":"https:\/\/www.messinaoggi.it\/website\/2021\/05\/26\/de-luca-e-la-sfida-impossibile\/","title":{"rendered":"De Luca e la sfida impossibile"},"content":{"rendered":"\n<p>Cateno De Luca ha sempre fatto l\u2019opposto di quello che dice. Con un anno e mezzo di anticipo annuncia la sua candidatura alla carica di governatore di Sicilia ed ha gi\u00e0 annunciato la data delle sue dimissioni dalla carica di primo cittadino.<div id=\"div-gpt-ad-Messinaoggi.it-DSK-300x250-corpoart\" style=\"text-align:center;margin:0 auto;\"><\/div><\/p>\n\n\n\n<p>L\u2019eterno show del sindaco Cateno De Luca quindi prosegue e lo fa nella consapevolezza che l\u2019impresa per ambire alla carica di governatore di Sicilia sar\u00e0 ardua. Alla fine \u00e8 probabile che non si candider\u00e0 quando avr\u00e0 realizzato che nessuno dei partiti dello schieramento di centro-destra gli tender\u00e0 la mano per supportalo.<div id=\"videoincontent\" style=\"clear:both\";><\/div><\/p>\n\n\n\n<p>Oggi flirta con Forza Italia e spera, in cuor suo, di spaccare la coalizione confidando nel \u201cdoppiogiochismo\u201d di Gianfranco Miccich\u00e8, il quale tiene le redini di Forza Italia. Ma quando si avviciner\u00e0 la scadenza elettorale i maggiorenti di Forza Italia rinserreranno le fila nell\u2019ambito di accordi su scala nazionale e il \u201csogno\u201d di Cateno De Luca sar\u00e0 destinato a infrangersi.<\/p>\n\n\n\n<p>Chi oggi festeggia la \u201cliberazione\u201d di Messina dalle catene di un sindaco che si \u00e8 rivelato l\u2019ennesima beffa per una citt\u00e0 massacrata prima dalla malapolitica e dopo dai \u201cfanfaroni\u201d, dovr\u00e0 prestare moltissima attenzione perch\u00e9 non \u00e8 detto che De Luca si dimetter\u00e0.<\/p>\n\n\n\n<p>Conquistare la carica di governatore della Sicilia significa avere una dote impressionante di voti e De Luca, obiettivamente, non ce l\u2019ha. Mostrare oggi i muscoli ha comunque una sua logica finalizzata a scompaginare un\u2019alleanza di centro-destra che non \u00e8 detto che punter\u00e0 anche per la prossima tornata elettorale sul nome di Nello Musumeci. Di certo c\u2019\u00e8 solo che nell\u2019ambito di un accordo su scala nazionale, il prossimo governatore di Sicilia toccher\u00e0 alla Lega e non \u00e8 escluso che il nome del possibile candidato possa essere diverso da quello attuale.<\/p>\n\n\n\n<p class=\"has-text-align-right\"><strong>Davide Gambale<\/strong><\/p>\n","protected":false},"excerpt":{"rendered":"<p>Cateno De Luca ha sempre fatto l\u2019opposto di quello che dice. Con un anno e mezzo di anticipo annuncia la sua candidatura alla carica di governatore di Sicilia ed ha gi\u00e0 annunciato la data delle sue dimissioni dalla carica di primo cittadino. L\u2019eterno show del sindaco Cateno De Luca quindi prosegue e lo fa nella [&hellip;]<\/p>\n","protected":false},"author":2,"featured_media":53541,"comment_status":"open","ping_status":"open","sticky":false,"template":"","format":"standard","meta":{"ub_ctt_via":"","_mi_skip_tracking":false},"categories":[19],"tags":[126,1339,2009],"featured_image_src":"https:\/\/www.messinaoggi.it\/website\/wp-content\/uploads\/2021\/02\/F3A5C77E-467D-453F-A4D9-61DE0ADA50CF.jpeg","author_info":{"display_name":"Redazione","author_link":"https:\/\/www.messinaoggi.it\/website\/author\/redazione\/"},"digistream_id":0,"digistream":false,"_links":{"self":[{"href":"https:\/\/www.messinaoggi.it\/website\/wp-json\/wp\/v2\/posts\/66116"}],"collection":[{"href":"https:\/\/www.messinaoggi.it\/website\/wp-json\/wp\/v2\/posts"}],"about":[{"href":"https:\/\/www.messinaoggi.it\/website\/wp-json\/wp\/v2\/types\/post"}],"author":[{"embeddable":true,"href":"https:\/\/www.messinaoggi.it\/website\/wp-json\/wp\/v2\/users\/2"}],"replies":[{"embeddable":true,"href":"https:\/\/www.messinaoggi.it\/website\/wp-json\/wp\/v2\/comments?post=66116"}],"version-history":[{"count":1,"href":"https:\/\/www.messinaoggi.it\/website\/wp-json\/wp\/v2\/posts\/66116\/revisions"}],"predecessor-version":[{"id":66117,"href":"https:\/\/www.messinaoggi.it\/website\/wp-json\/wp\/v2\/posts\/66116\/revisions\/66117"}],"wp:featuredmedia":[{"embeddable":true,"href":"https:\/\/www.messinaoggi.it\/website\/wp-json\/wp\/v2\/media\/53541"}],"wp:attachment":[{"href":"https:\/\/www.messinaoggi.it\/website\/wp-json\/wp\/v2\/media?parent=66116"}],"wp:term":[{"taxonomy":"category","embeddable":true,"href":"https:\/\/www.messinaoggi.it\/website\/wp-json\/wp\/v2\/categories?post=66116"},{"taxonomy":"post_tag","embeddable":true,"href":"https:\/\/www.messinaoggi.it\/website\/wp-json\/wp\/v2\/tags?post=66116"}],"curies":[{"name":"wp","href":"https:\/\/api.w.org\/{rel}","templated":true}]}}