{"id":66112,"date":"2021-05-26T09:05:37","date_gmt":"2021-05-26T07:05:37","guid":{"rendered":"http:\/\/www.messinaoggi.it\/website\/?p=66112"},"modified":"2021-05-26T09:05:39","modified_gmt":"2021-05-26T07:05:39","slug":"bonus-covid-al-personale-del-118-soddisfazione-dellugl","status":"publish","type":"post","link":"https:\/\/www.messinaoggi.it\/website\/2021\/05\/26\/bonus-covid-al-personale-del-118-soddisfazione-dellugl\/","title":{"rendered":"Bonus Covid al personale del 118, soddisfazione dell&#8217;Ugl"},"content":{"rendered":"\n<p>E&#8217; stato firmato questa mattina, dal dirigente generale del Dipartimento della Pianificazione strategica dell&#8217;Assessorato regionale della Salute Mario La Rocca, il decreto con la quale si assegnano alla Seus 118 i fondi per la liquidazione del cosiddetto &#8220;Bonus Covid&#8221;. A darne notizia sono il segretario regionale della Ugl Sicilia, Giuseppe Messina, ed il segretario regionale della federazione Ugl Salute Carmelo Urz\u00ec, ringraziando il presidente della Regione Nello Musumeci e lo staff dell&#8217;Assessorato per aver tenuto fede all&#8217;impegno assunto alcuni giorni addietro. &#8220;Come sigla sindacale, con i nostri rappresentanti, avevamo sollecitato l&#8217;erogazione delle somme per consentire alla societ\u00e0 di accreditare in busta paga i bonus accordati, ottenendo rassicurazioni sulla tempistica relativa alle tranche di maggio e giugno. Abbiamo quindi ritenuto non dover fare nessuna azione strumentale e di protesta, confidando nel rispetto della parola data da parte degli esponenti dell&#8217;Amministrazione regionale. Riteniamo, infatti, che con il dialogo ed il confronto si possono raggiungere gli obiettivi prefissati a garanzia dei diritti dei lavoratori. Siamo quindi soddisfatti &#8211; concludono Messina e Urz\u00ec &#8211; poich\u00e8 finalmente, dopo un iter non certamente agevole, i dipendenti della Seus 118, che sono e continuano ad essere in prima linea in questa lotta contro il Covid-19, nei prossimi giorni potranno avere il ristoro straordinario loro dovuto. Da parte nostra, con grande senso di responsabilit\u00e0, continueremo ad operare in sinergia con l&#8217;istituzione regionale affinch\u00e8 non venga mai meno nessuna tutela per i lavoratori e perch\u00e8 il servizio di emergenza urgenza sia sempre pi\u00f9 un fiore all&#8217;occhiello della nostra Regione.&#8221;<div id=\"div-gpt-ad-Messinaoggi.it-DSK-300x250-corpoart\" style=\"text-align:center;margin:0 auto;\"><\/div><\/p>\n<div id=\"videoincontent\" style=\"clear:both\";><\/div>","protected":false},"excerpt":{"rendered":"<p>E&#8217; stato firmato questa mattina, dal dirigente generale del Dipartimento della Pianificazione strategica dell&#8217;Assessorato regionale della Salute Mario La Rocca, il decreto con la quale si assegnano alla Seus 118 i fondi per la liquidazione del cosiddetto &#8220;Bonus Covid&#8221;. A darne notizia sono il segretario regionale della Ugl Sicilia, Giuseppe Messina, ed il segretario regionale [&hellip;]<\/p>\n","protected":false},"author":2,"featured_media":53536,"comment_status":"open","ping_status":"open","sticky":false,"template":"","format":"standard","meta":{"ub_ctt_via":"","_mi_skip_tracking":false},"categories":[6],"tags":[39,2006,2007],"featured_image_src":"https:\/\/www.messinaoggi.it\/website\/wp-content\/uploads\/2021\/02\/5C1701D2-7D26-459C-BF4B-61EA52792EE0.jpeg","author_info":{"display_name":"Redazione","author_link":"https:\/\/www.messinaoggi.it\/website\/author\/redazione\/"},"digistream_id":0,"digistream":false,"_links":{"self":[{"href":"https:\/\/www.messinaoggi.it\/website\/wp-json\/wp\/v2\/posts\/66112"}],"collection":[{"href":"https:\/\/www.messinaoggi.it\/website\/wp-json\/wp\/v2\/posts"}],"about":[{"href":"https:\/\/www.messinaoggi.it\/website\/wp-json\/wp\/v2\/types\/post"}],"author":[{"embeddable":true,"href":"https:\/\/www.messinaoggi.it\/website\/wp-json\/wp\/v2\/users\/2"}],"replies":[{"embeddable":true,"href":"https:\/\/www.messinaoggi.it\/website\/wp-json\/wp\/v2\/comments?post=66112"}],"version-history":[{"count":1,"href":"https:\/\/www.messinaoggi.it\/website\/wp-json\/wp\/v2\/posts\/66112\/revisions"}],"predecessor-version":[{"id":66113,"href":"https:\/\/www.messinaoggi.it\/website\/wp-json\/wp\/v2\/posts\/66112\/revisions\/66113"}],"wp:featuredmedia":[{"embeddable":true,"href":"https:\/\/www.messinaoggi.it\/website\/wp-json\/wp\/v2\/media\/53536"}],"wp:attachment":[{"href":"https:\/\/www.messinaoggi.it\/website\/wp-json\/wp\/v2\/media?parent=66112"}],"wp:term":[{"taxonomy":"category","embeddable":true,"href":"https:\/\/www.messinaoggi.it\/website\/wp-json\/wp\/v2\/categories?post=66112"},{"taxonomy":"post_tag","embeddable":true,"href":"https:\/\/www.messinaoggi.it\/website\/wp-json\/wp\/v2\/tags?post=66112"}],"curies":[{"name":"wp","href":"https:\/\/api.w.org\/{rel}","templated":true}]}}