{"id":66110,"date":"2021-05-26T09:04:05","date_gmt":"2021-05-26T07:04:05","guid":{"rendered":"http:\/\/www.messinaoggi.it\/website\/?p=66110"},"modified":"2021-05-26T09:04:07","modified_gmt":"2021-05-26T07:04:07","slug":"ospedale-s-agata-prosegue-attivita-hub-vaccinale","status":"publish","type":"post","link":"https:\/\/www.messinaoggi.it\/website\/2021\/05\/26\/ospedale-s-agata-prosegue-attivita-hub-vaccinale\/","title":{"rendered":"Ospedale S. Agata, prosegue attivit\u00e0 hub vaccinale"},"content":{"rendered":"\n<p>Proficua riunione presso l\u2019ospedale di Sant\u2019Agata Militello alla presenza del commissario per l\u2019emergenza Covid dell\u2019Asp 5 di Messina, prof. Alberto Firenze, del direttore sanitario del presidio, dott. Antonino Giallanza, del responsabile Covid del dipartimento dott. Pino Ianni, della deputata regionale on. Bernadette Grasso e dei sindaci di Sant\u2019Agata Militello Bruno Mancuso e di Torrenova Salvatore Castrovinci.<div id=\"div-gpt-ad-Messinaoggi.it-DSK-300x250-corpoart\" style=\"text-align:center;margin:0 auto;\"><\/div><\/p>\n\n\n\n<p>Nel corso della riunione si \u00e8 deciso che il punto vaccinale dell\u2019ospedale santagatese, che in questi mesi di campagna vaccinale ha assicurato numeri da record in quanto a dosi inoculate ai cittadini dell\u2019intero comprensorio, continuer\u00e0 a svolgere regolarmente il programma di somministrazione dei vaccini, garantendo le dosi gi\u00e0 prenotate ed un ambulatorio per i soggetti fragili. L\u2019attivit\u00e0 sar\u00e0 quindi svolta in via sinergica e complementare con l\u2019hub vaccinale di Capo d\u2019Orlando.<div id=\"videoincontent\" style=\"clear:both\";><\/div><\/p>\n\n\n\n<p>Tutto ci\u00f2 in attesa che si dia inizio a breve ai lavori di ristrutturazione del pronto soccorso che sono stati gi\u00e0 aggiudicati all\u2019impresa e la cui esecuzione determiner\u00e0 inevitabilmente, per ragioni logistiche, una contrazione del programma vaccinale. \u00a0\u00a0 Siamo in attesa inoltre che vengano riconsegnate le sale operatorie, a conclusione dei lavori di adeguamento. Ci\u00f2 determiner\u00e0 una carenza di medici e infermieri disponibili per la campagna vaccinale perch\u00e9 impegnati nei propri reparti che dovranno riprendere le proprie normali funzioni.<\/p>\n","protected":false},"excerpt":{"rendered":"<p>Proficua riunione presso l\u2019ospedale di Sant\u2019Agata Militello alla presenza del commissario per l\u2019emergenza Covid dell\u2019Asp 5 di Messina, prof. Alberto Firenze, del direttore sanitario del presidio, dott. Antonino Giallanza, del responsabile Covid del dipartimento dott. Pino Ianni, della deputata regionale on. Bernadette Grasso e dei sindaci di Sant\u2019Agata Militello Bruno Mancuso e di Torrenova Salvatore [&hellip;]<\/p>\n","protected":false},"author":2,"featured_media":7248,"comment_status":"open","ping_status":"open","sticky":false,"template":"","format":"standard","meta":{"ub_ctt_via":"","_mi_skip_tracking":false},"categories":[13,18],"tags":[2005,1216,2004],"featured_image_src":"https:\/\/www.messinaoggi.it\/website\/wp-content\/uploads\/2017\/09\/vaccini-2.jpg","author_info":{"display_name":"Redazione","author_link":"https:\/\/www.messinaoggi.it\/website\/author\/redazione\/"},"digistream_id":0,"digistream":false,"_links":{"self":[{"href":"https:\/\/www.messinaoggi.it\/website\/wp-json\/wp\/v2\/posts\/66110"}],"collection":[{"href":"https:\/\/www.messinaoggi.it\/website\/wp-json\/wp\/v2\/posts"}],"about":[{"href":"https:\/\/www.messinaoggi.it\/website\/wp-json\/wp\/v2\/types\/post"}],"author":[{"embeddable":true,"href":"https:\/\/www.messinaoggi.it\/website\/wp-json\/wp\/v2\/users\/2"}],"replies":[{"embeddable":true,"href":"https:\/\/www.messinaoggi.it\/website\/wp-json\/wp\/v2\/comments?post=66110"}],"version-history":[{"count":1,"href":"https:\/\/www.messinaoggi.it\/website\/wp-json\/wp\/v2\/posts\/66110\/revisions"}],"predecessor-version":[{"id":66111,"href":"https:\/\/www.messinaoggi.it\/website\/wp-json\/wp\/v2\/posts\/66110\/revisions\/66111"}],"wp:featuredmedia":[{"embeddable":true,"href":"https:\/\/www.messinaoggi.it\/website\/wp-json\/wp\/v2\/media\/7248"}],"wp:attachment":[{"href":"https:\/\/www.messinaoggi.it\/website\/wp-json\/wp\/v2\/media?parent=66110"}],"wp:term":[{"taxonomy":"category","embeddable":true,"href":"https:\/\/www.messinaoggi.it\/website\/wp-json\/wp\/v2\/categories?post=66110"},{"taxonomy":"post_tag","embeddable":true,"href":"https:\/\/www.messinaoggi.it\/website\/wp-json\/wp\/v2\/tags?post=66110"}],"curies":[{"name":"wp","href":"https:\/\/api.w.org\/{rel}","templated":true}]}}