{"id":66093,"date":"2021-05-26T08:10:36","date_gmt":"2021-05-26T06:10:36","guid":{"rendered":"http:\/\/www.messinaoggi.it\/website\/?p=66093"},"modified":"2021-05-26T08:10:41","modified_gmt":"2021-05-26T06:10:41","slug":"smart-working-e-pari-opportunita-domani-webinar-della-uil","status":"publish","type":"post","link":"https:\/\/www.messinaoggi.it\/website\/2021\/05\/26\/smart-working-e-pari-opportunita-domani-webinar-della-uil\/","title":{"rendered":"Smart working e Pari opportunit\u00e0: domani webinar della Uil"},"content":{"rendered":"\n<p>La Uil Messina e il Coordinamento Pari Opportunit\u00e0 hanno organizzato un interessante webinar su piattaforma ZOOM che si terr\u00e0 gioved\u00ec 27 maggio, alle ore 16.30, per affrontare il tema: \u201cDonne, Lavoro, Smartworking: dalla pandemia alle prospettive future\u201d.<div id=\"div-gpt-ad-Messinaoggi.it-DSK-300x250-corpoart\" style=\"text-align:center;margin:0 auto;\"><\/div><\/p>\n\n\n\n<p>I lavori saranno coordinati da Ivan Tripodi (Segretario generale Uil Messina) e l\u2019introduzione sar\u00e0 di Alda Iudicelli (Responsabile Coord.to Pari Opportunit\u00e0 Uil Messina). All\u2019evento interverranno Mariella Crisafulli (Consigliera di Parit\u00e0 Citt\u00e0 Metropolitana Messina), Vilma Maria Costa (Responsabile Coord.to Pari Opportunit\u00e0 Uil Sicilia), Cetti Parrinello (Docente Universit\u00e0 di Messina, Presidente CUG) e Grazia Maria Delicio (Esperta e Formatrice SSL e Benessere Organizzativo, Uilpa). Le conclusioni saranno tratte da Luisella Lionti (Segretaria organizzativa Uil Sicilia).<div id=\"videoincontent\" style=\"clear:both\";><\/div><\/p>\n\n\n\n<p>\u201cLo smartworking sta radicalmente modificando il mondo del lavoro e, se correttamente regolamentato, pu\u00f2 significare una grande opportunit\u00e0. \u2013 si legge in una nota &#8211; \u00c8, per\u00f2, opportuno evidenziare come, in molti casi, l\u2019utilizzo dello smartworking, a partire dalla fase del lockdown, ha rappresentato, per le donne lavoratrici, un\u2019ulteriore penalizzazione. Pertanto, \u00e8 necessaria una seria ed innovativa contrattazione che, attraverso il pieno ed indispensabile coinvolgimento del sindacato, possa governare questa moderna frontiera del mondo del lavoro che passa, in primo luogo, dall\u2019adeguamento dei CCNL, da una piena digitalizzazione, da un sostegno alle spese sostenute dai lavoratori, dall\u2019individuazione di adeguati percorsi di carriera e, infine, da un tangibile riconoscimento di servizi collaterali di welfare che riguardano le famiglie, gli anziani, i bambini e i soggetti fragili\u201d.<\/p>\n\n\n\n<p>Partendo da questi assunti il webinar organizzato dalla UIL Messina vuole analizzare quanto avvenuto e lanciare proposte concrete su un tema attualissimo e che coinvolge direttamente migliaia di lavoratrici.<\/p>\n\n\n\n<p>Il link della Piattaforma ZOOM per partecipare all\u2019evento \u00e8 il seguente: https:\/\/us02web.zoom.us\/j\/85467852470?pwd=OXN2YjMvZXVJS0ZZYnByVjBRNUhMUT09 (ID riunione: 854 6785 2470 Passcode: 294937).<\/p>\n","protected":false},"excerpt":{"rendered":"<p>La Uil Messina e il Coordinamento Pari Opportunit\u00e0 hanno organizzato un interessante webinar su piattaforma ZOOM che si terr\u00e0 gioved\u00ec 27 maggio, alle ore 16.30, per affrontare il tema: \u201cDonne, Lavoro, Smartworking: dalla pandemia alle prospettive future\u201d. I lavori saranno coordinati da Ivan Tripodi (Segretario generale Uil Messina) e l\u2019introduzione sar\u00e0 di Alda Iudicelli (Responsabile [&hellip;]<\/p>\n","protected":false},"author":8,"featured_media":37521,"comment_status":"open","ping_status":"open","sticky":false,"template":"","format":"standard","meta":{"ub_ctt_via":"","_mi_skip_tracking":false},"categories":[5],"tags":[1577,1997,141],"featured_image_src":"https:\/\/www.messinaoggi.it\/website\/wp-content\/uploads\/2019\/10\/72541CA8-9975-4565-AA96-13A5E2552504.jpeg","author_info":{"display_name":"red..me","author_link":"https:\/\/www.messinaoggi.it\/website\/author\/redstage\/"},"digistream_id":0,"digistream":false,"_links":{"self":[{"href":"https:\/\/www.messinaoggi.it\/website\/wp-json\/wp\/v2\/posts\/66093"}],"collection":[{"href":"https:\/\/www.messinaoggi.it\/website\/wp-json\/wp\/v2\/posts"}],"about":[{"href":"https:\/\/www.messinaoggi.it\/website\/wp-json\/wp\/v2\/types\/post"}],"author":[{"embeddable":true,"href":"https:\/\/www.messinaoggi.it\/website\/wp-json\/wp\/v2\/users\/8"}],"replies":[{"embeddable":true,"href":"https:\/\/www.messinaoggi.it\/website\/wp-json\/wp\/v2\/comments?post=66093"}],"version-history":[{"count":1,"href":"https:\/\/www.messinaoggi.it\/website\/wp-json\/wp\/v2\/posts\/66093\/revisions"}],"predecessor-version":[{"id":66094,"href":"https:\/\/www.messinaoggi.it\/website\/wp-json\/wp\/v2\/posts\/66093\/revisions\/66094"}],"wp:featuredmedia":[{"embeddable":true,"href":"https:\/\/www.messinaoggi.it\/website\/wp-json\/wp\/v2\/media\/37521"}],"wp:attachment":[{"href":"https:\/\/www.messinaoggi.it\/website\/wp-json\/wp\/v2\/media?parent=66093"}],"wp:term":[{"taxonomy":"category","embeddable":true,"href":"https:\/\/www.messinaoggi.it\/website\/wp-json\/wp\/v2\/categories?post=66093"},{"taxonomy":"post_tag","embeddable":true,"href":"https:\/\/www.messinaoggi.it\/website\/wp-json\/wp\/v2\/tags?post=66093"}],"curies":[{"name":"wp","href":"https:\/\/api.w.org\/{rel}","templated":true}]}}