{"id":66033,"date":"2021-05-25T17:07:36","date_gmt":"2021-05-25T15:07:36","guid":{"rendered":"https:\/\/www.messinaoggi.it\/website\/2021\/05\/25\/pancalli-confermato-presidente-comitato-paralimpico\/"},"modified":"2021-05-25T17:07:36","modified_gmt":"2021-05-25T15:07:36","slug":"pancalli-confermato-presidente-comitato-paralimpico","status":"publish","type":"post","link":"https:\/\/www.messinaoggi.it\/website\/2021\/05\/25\/pancalli-confermato-presidente-comitato-paralimpico\/","title":{"rendered":"Pancalli confermato presidente Comitato Paralimpico"},"content":{"rendered":"<div>ROMA (ITALPRESS) &#8211; Luca Pancalli \u00e8 stato confermato alla guida del Comitato italiano paralimpico per il prossimo quadriennio. Il numero uno uscente ha raccolto 50 voti su 53 dal Consiglio elettivo riunito nel Salone d&#8217;Onore del Coni, pari al 94,3% delle preferenze. Due schede bianche, un voto per lo sfidante Fabrizio Vignali. Per Pancalli, dal 2000 alla guida del movimento paralimpico, comincia dunque una nuova sfida. &#8220;Il puzzle che avevamo immaginato si sta componendo &#8211; ha osservato il numero uno del Cip &#8211; Si \u00e8 compreso che il Comitato fa sport, produce campioni e medaglie ma fa anche politica, perch\u00e8 l&#8217;attivit\u00e0 fisica ha un importante valore sociale. Siamo nella fase adulta, siamo cresciuti e siamo l&#8217;avanguardia all&#8217;interno del movimento culturale del Paese, come riconosciuto anche dal presidente Mattarella. La grande sfida sar\u00e0 ora politica: consolidare i nostri rapporti istituzionali con Governo, Sport e Salute, Miur e non allontanarsi mai dalla coerenza della nostra mission, ovvero promuovere lo sport come strumento di inclusione e integrazione per tutti&#8221;. Con Roberto Valori (vicario) e Tiziana Nasi nuovi vicepresidenti, dal punto di vista sportivo la prima sfida del nuovo Cip \u00e8 rappresentata dalle Paralimpiadi di Tokyo. &#8220;Avremo due portabandiera &#8211; ha annunciato Pancalli &#8211; e aspirazioni molto alte. Un grande rammarico \u00e8 Alex Zanardi, che mancher\u00e0 a questa spedizione&#8221; le parole di Pancalli (foto Cip). &#8220;Complimenti all&#8217;amico Luca Pancalli. Pronti a fare ancora squadra all&#8217;insegna della condivisione dei valori che ci rendono un&#8217;unica, grande famiglia&#8221;, il commento del presidente del Coni Giovanni Malag\u00f2.<br \/>(ITALPRESS).<\/div>\n<div id=\"div-gpt-ad-Messinaoggi.it-DSK-300x250-corpoart\" style=\"text-align:center;margin:0 auto;\"><\/div><\/p><div id=\"videoincontent\" style=\"clear:both\";><\/div>","protected":false},"excerpt":{"rendered":"<p>ROMA (ITALPRESS) &#8211; Luca Pancalli \u00e8 stato confermato alla guida del Comitato italiano paralimpico per il prossimo quadriennio. Il numero uno uscente ha raccolto 50 voti su 53 dal Consiglio elettivo riunito nel Salone d&#8217;Onore del Coni, pari al 94,3% delle preferenze. Due schede bianche, un voto per lo sfidante Fabrizio Vignali. Per Pancalli, dal [&hellip;]<\/p>\n","protected":false},"author":18,"featured_media":66034,"comment_status":"closed","ping_status":"closed","sticky":false,"template":"","format":"standard","meta":{"ub_ctt_via":"","_mi_skip_tracking":false},"categories":[446],"tags":[783],"featured_image_src":"https:\/\/www.messinaoggi.it\/website\/wp-content\/uploads\/2021\/05\/20210525_1716.jpg","author_info":{"display_name":"Admin","author_link":"https:\/\/www.messinaoggi.it\/website\/author\/admin\/"},"digistream_id":0,"digistream":false,"_links":{"self":[{"href":"https:\/\/www.messinaoggi.it\/website\/wp-json\/wp\/v2\/posts\/66033"}],"collection":[{"href":"https:\/\/www.messinaoggi.it\/website\/wp-json\/wp\/v2\/posts"}],"about":[{"href":"https:\/\/www.messinaoggi.it\/website\/wp-json\/wp\/v2\/types\/post"}],"author":[{"embeddable":true,"href":"https:\/\/www.messinaoggi.it\/website\/wp-json\/wp\/v2\/users\/18"}],"replies":[{"embeddable":true,"href":"https:\/\/www.messinaoggi.it\/website\/wp-json\/wp\/v2\/comments?post=66033"}],"version-history":[{"count":0,"href":"https:\/\/www.messinaoggi.it\/website\/wp-json\/wp\/v2\/posts\/66033\/revisions"}],"wp:featuredmedia":[{"embeddable":true,"href":"https:\/\/www.messinaoggi.it\/website\/wp-json\/wp\/v2\/media\/66034"}],"wp:attachment":[{"href":"https:\/\/www.messinaoggi.it\/website\/wp-json\/wp\/v2\/media?parent=66033"}],"wp:term":[{"taxonomy":"category","embeddable":true,"href":"https:\/\/www.messinaoggi.it\/website\/wp-json\/wp\/v2\/categories?post=66033"},{"taxonomy":"post_tag","embeddable":true,"href":"https:\/\/www.messinaoggi.it\/website\/wp-json\/wp\/v2\/tags?post=66033"}],"curies":[{"name":"wp","href":"https:\/\/api.w.org\/{rel}","templated":true}]}}