{"id":66031,"date":"2021-05-25T17:07:35","date_gmt":"2021-05-25T15:07:35","guid":{"rendered":"https:\/\/www.messinaoggi.it\/website\/2021\/05\/25\/bufera-nazionale-cantanti-si-dimette-dg-pecchini-per-episodio-sessismo\/"},"modified":"2021-05-25T17:07:35","modified_gmt":"2021-05-25T15:07:35","slug":"bufera-nazionale-cantanti-si-dimette-dg-pecchini-per-episodio-sessismo","status":"publish","type":"post","link":"https:\/\/www.messinaoggi.it\/website\/2021\/05\/25\/bufera-nazionale-cantanti-si-dimette-dg-pecchini-per-episodio-sessismo\/","title":{"rendered":"Bufera Nazionale Cantanti, si dimette dg Pecchini per episodio sessismo"},"content":{"rendered":"<div>ROMA (ITALPRESS) &#8211; Il &#8220;caso Aurora Leone&#8221; alla vigilia della Partita del cuore porta alle dimissioni di Gianluca Pecchini, direttore generale della Nazionale Cantanti. Lo annuncia lo stesso Pecchini, autore, secondo quanto riferito da Aurora Leone, delle frasi sessiste rivolte alla componente di The Jackal, allontanata nella cena di ieri perch\u00e8 donna. &#8220;La Nazionale Italiana Cantanti &#8211; afferma Pecchini &#8211; \u00e8 amareggiata profondamente e si scusa di quanto accaduto ieri sera durante la cena ad Aurora Leone. La nostra \u00e8 una storia di 40 anni di inclusione e di solidariet\u00e0, periodo nel quale siamo sempre stati in prima linea a sostenere i deboli e i diritti di tutti. Oggi a Torino si gioca una partita importante, ogni 100.000 euro in meno raccolti sono 15 diagnosi in meno e 15 potenziali morti in pi\u00f9. Siamo profondamente addolorati di questo grande equivoco in quanto in 40 anni non ci siamo mai trovati a dover gestire una simile situazione.  Per tutte queste motivazioni, io, Gianluca Pecchini, dirigente della Nic, mi assumo la responsabilit\u00e0 di quello che \u00e8 accaduto dimettendomi dal mio incarico in attesa di parlare personalmente con Aurora Leone. Ci tengo per\u00f2 a sottolineare, a scanso di equivoci, che nessun artista si \u00e8 reso conto dell&#8217;episodio in questione; i presenti si sono accorti di quello che stava accadendo nel momento in cui Aurora e Ciro si sono alzati per andarsene via&#8221;.<br \/>(ITALPRESS).<\/div>\n<div id=\"div-gpt-ad-Messinaoggi.it-DSK-300x250-corpoart\" style=\"text-align:center;margin:0 auto;\"><\/div><\/p><div id=\"videoincontent\" style=\"clear:both\";><\/div>","protected":false},"excerpt":{"rendered":"<p>ROMA (ITALPRESS) &#8211; Il &#8220;caso Aurora Leone&#8221; alla vigilia della Partita del cuore porta alle dimissioni di Gianluca Pecchini, direttore generale della Nazionale Cantanti. Lo annuncia lo stesso Pecchini, autore, secondo quanto riferito da Aurora Leone, delle frasi sessiste rivolte alla componente di The Jackal, allontanata nella cena di ieri perch\u00e8 donna. &#8220;La Nazionale Italiana [&hellip;]<\/p>\n","protected":false},"author":18,"featured_media":66032,"comment_status":"closed","ping_status":"closed","sticky":false,"template":"","format":"standard","meta":{"ub_ctt_via":"","_mi_skip_tracking":false},"categories":[446],"tags":[783],"featured_image_src":"https:\/\/www.messinaoggi.it\/website\/wp-content\/uploads\/2021\/05\/20210525_1715.jpg","author_info":{"display_name":"Admin","author_link":"https:\/\/www.messinaoggi.it\/website\/author\/admin\/"},"digistream_id":0,"digistream":false,"_links":{"self":[{"href":"https:\/\/www.messinaoggi.it\/website\/wp-json\/wp\/v2\/posts\/66031"}],"collection":[{"href":"https:\/\/www.messinaoggi.it\/website\/wp-json\/wp\/v2\/posts"}],"about":[{"href":"https:\/\/www.messinaoggi.it\/website\/wp-json\/wp\/v2\/types\/post"}],"author":[{"embeddable":true,"href":"https:\/\/www.messinaoggi.it\/website\/wp-json\/wp\/v2\/users\/18"}],"replies":[{"embeddable":true,"href":"https:\/\/www.messinaoggi.it\/website\/wp-json\/wp\/v2\/comments?post=66031"}],"version-history":[{"count":0,"href":"https:\/\/www.messinaoggi.it\/website\/wp-json\/wp\/v2\/posts\/66031\/revisions"}],"wp:featuredmedia":[{"embeddable":true,"href":"https:\/\/www.messinaoggi.it\/website\/wp-json\/wp\/v2\/media\/66032"}],"wp:attachment":[{"href":"https:\/\/www.messinaoggi.it\/website\/wp-json\/wp\/v2\/media?parent=66031"}],"wp:term":[{"taxonomy":"category","embeddable":true,"href":"https:\/\/www.messinaoggi.it\/website\/wp-json\/wp\/v2\/categories?post=66031"},{"taxonomy":"post_tag","embeddable":true,"href":"https:\/\/www.messinaoggi.it\/website\/wp-json\/wp\/v2\/tags?post=66031"}],"curies":[{"name":"wp","href":"https:\/\/api.w.org\/{rel}","templated":true}]}}