{"id":66025,"date":"2021-05-25T16:07:33","date_gmt":"2021-05-25T14:07:33","guid":{"rendered":"https:\/\/www.messinaoggi.it\/website\/2021\/05\/25\/poliposi-nasale-colpisce-2-4-popolazione-al-via-campagna-informativa\/"},"modified":"2021-05-25T16:07:33","modified_gmt":"2021-05-25T14:07:33","slug":"poliposi-nasale-colpisce-2-4-popolazione-al-via-campagna-informativa","status":"publish","type":"post","link":"https:\/\/www.messinaoggi.it\/website\/2021\/05\/25\/poliposi-nasale-colpisce-2-4-popolazione-al-via-campagna-informativa\/","title":{"rendered":"Poliposi nasale colpisce 2-4% popolazione, al via campagna informativa"},"content":{"rendered":"<div>ROMA (ITALPRESS) &#8211; Patologia infiammatoria, cronica, persistente e dal forte impatto sul benessere fisico ed emotivo, la poliposi nasale colpisce circa il 2-4% della popolazione. Nonostante questo, la conoscenza della patologia \u00e8 ancora scarsa e i pazienti pi\u00f9 gravi rinunciano a curarsi per mancanza di opzioni risolutive. Di questo si \u00e8 discusso all&#8217;evento online &#8220;Non &#8216;sbattere il nas\u00f2 contro la poliposi nasale&#8221;, promosso da Sanofi, che ha presentato anche la campagna di sensibilizzazione &#8220;Vinci contro i disagi della poliposi nasale&#8221;.<br \/>&#8220;Spesso le persone affette da rinosinusite cronica con poliposi nasale, specie nelle forme pi\u00f9 gravi, hanno un percorso di diagnosi e trattamento lungo e complesso con la necessit\u00e0 di ricorrere periodicamente alla chirurgia per liberare il naso&#8221;, ha affermato Gaetano Paludetti, presidente Societ\u00e0 Italiana di Otorinolaringoiatria e Chirurgia Cervico-facciale, direttore dell&#8217;UOC di Otorinolaringoiatria del Policlinico Universitario A. Gemelli IRCCS e Universit\u00e0 Cattolica. <br \/>&#8220;Difficilmente riescono ad arrivare a una risoluzione del problema &#8211; ha aggiunto &#8211; tramite le terapie croniche a base di cortisone, intranasali o sistemiche, considerate finora lo standard di trattamento&#8221;. Per Gianenrico Senna, presidente SIAAIC (Societ\u00e0 Italiana di Allergologia e Immunologia Clinica), &#8220;l&#8217;elemento chiave dal punto di vista della patogenesi di questa malattia \u00e8 la cascata infiammatoria, che \u00e8 una concatenazione di eventi che avvengono nel microambiente in cui partecipano sia mediatori sia cellule. In questa catena &#8211; ha spiegato -, il momento iniziale pu\u00f2 essere vario, pu\u00f2 essere l&#8217;allergene o fattori irritanti come l&#8217;inquinamento o il virus&#8221;.<br \/>Secondo Mario Bussi, direttore unit\u00e0 di Otorinolaringoiatria dell&#8217;IRCCS San Raffaele di Milano e presidente del Congresso della Societ\u00e0 italiana di Otorinolaringoiatria e Chirurgia Cervico-facciale (SIOeChCF), tra i sintomi che &#8220;devono portare il paziente a farsi controllare&#8221; ci sono il &#8220;blocco della respirazione nasale, prevalentemente bilaterale&#8221;, la &#8220;progressiva scomparsa di forme sensoriali essenziali come l&#8217;olfatto e, come conseguenza, il gusto&#8221; e poi &#8220;ci pu\u00f2 essere il sintomo del peso in testa, anche se forse la cefalea viene associata in maniera un p\u00f2 troppo facile alla sinusite&#8221;, ha aggiunto.<br \/>La campagna di sensibilizzazione di Sanofi ha l&#8217;obiettivo di fornire ai pazienti gli strumenti per essere correttamente informati sulla patologia, permette di individuare il centro di otorinolaringoiatria e allergologia pi\u00f9 vicino attraverso il sito www.thenextbreath.it ed \u00e8 patrocinata da cinque societ\u00e0 scientifiche (AICNA, AIITO, IAR, SIAAIC e SIOeChCF) e dalle due associazioni di pazienti attive a livello nazionale (Federasma e Allergie Onlus e Federazione Italiana Pazienti e Respiriamo insieme). &#8220;E&#8217; una campagna di informazione sulla poliposi nasale &#8211; ha detto Michele Barletta, responsabile dell&#8217;area Respiratorio &#8211; Franchise Immunologia di Sanofi &#8211; e di sensibilizzazione sul problema. Il nostro impegno \u00e8 stato quello di provare a facilitare la possibilit\u00e0 di reperire informazioni utili attraverso il canale digitale&#8221;. &#8220;Siamo stati molto felici di sostenere questa campagna&#8221;, ha affermato Simona Barbaglia, presidente di Respiriamo Insieme Onlus, sottolineando che i pazienti &#8220;attraversano un calvario a volte lungo, di anni, per arrivare a una diagnosi corretta, non avendo strumenti adeguati e vivendo spesso un disagio dato dalla solitudine nel dovere affrontare una patologia che non conoscono. Il nostro dovere &#8211; ha aggiunto &#8211; \u00e8 quello di collaborare per migliorare l&#8217;informazione e la sensibilizzazione su questa patologia&#8221;. Nadia Magar\u00f2 di FederAsma ha evidenziato quanto &#8220;la poliposi nasale possa avere un impatto negativo&#8221; sulla vita dei pazienti, con &#8220;disturbi che necessitano di una presa in carico adeguata e multidisciplinare&#8221;. Per Magar\u00f2 occorre considerare anche l&#8217;aspetto psicologico, soprattutto in relazione alla &#8220;perdita di olfatto e gusto&#8221; che &#8220;impedisce anche il ricordo di tanti eventi della vita&#8221;. &#8220;Bisogna fare una diagnosi abbastanza precoce &#8211; ha aggiunto infine Paludetti -, cercare di curare fin dall&#8217;inizio le problematiche, esami pi\u00f9 approfonditi da eseguire e lavorare insieme con un team multidisciplinare&#8221;. Per Paludetti l&#8217;augurio \u00e8 che &#8220;la campagna sia utile a pazienti, medici e anche a coloro che affrontano il problema dal punto di vista della ricerca&#8221;.<br \/>(ITALPRESS).<\/div>\n<div id=\"div-gpt-ad-Messinaoggi.it-DSK-300x250-corpoart\" style=\"text-align:center;margin:0 auto;\"><\/div><\/p><div id=\"videoincontent\" style=\"clear:both\";><\/div>","protected":false},"excerpt":{"rendered":"<p>ROMA (ITALPRESS) &#8211; Patologia infiammatoria, cronica, persistente e dal forte impatto sul benessere fisico ed emotivo, la poliposi nasale colpisce circa il 2-4% della popolazione. Nonostante questo, la conoscenza della patologia \u00e8 ancora scarsa e i pazienti pi\u00f9 gravi rinunciano a curarsi per mancanza di opzioni risolutive. Di questo si \u00e8 discusso all&#8217;evento online &#8220;Non [&hellip;]<\/p>\n","protected":false},"author":18,"featured_media":66026,"comment_status":"closed","ping_status":"closed","sticky":false,"template":"","format":"standard","meta":{"ub_ctt_via":"","_mi_skip_tracking":false},"categories":[446],"tags":[783],"featured_image_src":"https:\/\/www.messinaoggi.it\/website\/wp-content\/uploads\/2021\/05\/20210525_1302.jpg","author_info":{"display_name":"Admin","author_link":"https:\/\/www.messinaoggi.it\/website\/author\/admin\/"},"digistream_id":0,"digistream":false,"_links":{"self":[{"href":"https:\/\/www.messinaoggi.it\/website\/wp-json\/wp\/v2\/posts\/66025"}],"collection":[{"href":"https:\/\/www.messinaoggi.it\/website\/wp-json\/wp\/v2\/posts"}],"about":[{"href":"https:\/\/www.messinaoggi.it\/website\/wp-json\/wp\/v2\/types\/post"}],"author":[{"embeddable":true,"href":"https:\/\/www.messinaoggi.it\/website\/wp-json\/wp\/v2\/users\/18"}],"replies":[{"embeddable":true,"href":"https:\/\/www.messinaoggi.it\/website\/wp-json\/wp\/v2\/comments?post=66025"}],"version-history":[{"count":0,"href":"https:\/\/www.messinaoggi.it\/website\/wp-json\/wp\/v2\/posts\/66025\/revisions"}],"wp:featuredmedia":[{"embeddable":true,"href":"https:\/\/www.messinaoggi.it\/website\/wp-json\/wp\/v2\/media\/66026"}],"wp:attachment":[{"href":"https:\/\/www.messinaoggi.it\/website\/wp-json\/wp\/v2\/media?parent=66025"}],"wp:term":[{"taxonomy":"category","embeddable":true,"href":"https:\/\/www.messinaoggi.it\/website\/wp-json\/wp\/v2\/categories?post=66025"},{"taxonomy":"post_tag","embeddable":true,"href":"https:\/\/www.messinaoggi.it\/website\/wp-json\/wp\/v2\/tags?post=66025"}],"curies":[{"name":"wp","href":"https:\/\/api.w.org\/{rel}","templated":true}]}}