{"id":65977,"date":"2021-05-25T12:41:47","date_gmt":"2021-05-25T10:41:47","guid":{"rendered":"http:\/\/www.messinaoggi.it\/website\/?p=65977"},"modified":"2021-05-25T15:41:23","modified_gmt":"2021-05-25T13:41:23","slug":"carfagna-a-messina-recovery-plan-occasione-straordinaria","status":"publish","type":"post","link":"https:\/\/www.messinaoggi.it\/website\/2021\/05\/25\/carfagna-a-messina-recovery-plan-occasione-straordinaria\/","title":{"rendered":"Carfagna a Messina: &#8220;Recovery plan occasione straordinaria&#8221;"},"content":{"rendered":"\n<p>&#8220;Il recovery plan \u00e8 un&#8217;occasione straordinaria per riunificare il Paese e ho fortemente voluto che il 40% delle risorse fossero destinate al Sud. La Sicilia ne intercetter\u00e0 buona parte. Gli investimenti serviranno a implementare il rilancio culturale del Mezzogiorno e il rafforzamento delle strutture sanitarie, a cominciare dai presidi di prossimit\u00e0&#8221;. L&#8217;ha detto il ministro per il Sud Mara Carfagna durante la conferenza stampa a Messina, dove ha incontrato sindaco e prefetto, in vista dei lavori per il risanamento delle baraccopoli della citt\u00e0, progetto che vede uno stanziamento di cento milioni di euro. &#8220;Per quel che riguarda la capacit\u00e0 di spesa e quindi di assorbimento dei fondi &#8211; ha proseguito &#8211; da parte dei Comuni, sappiamo che non sempre in questi anni le amministrazioni locali sono state in grado di ottenere queste risorse. Cos\u00ec, insieme al ministro Brunetta, abbiamo avviato immediatamente il bando per l&#8217;assunzione di 2.800 tecnici che serviranno per irrobustire le pubbliche amministrazioni del Mezzogiorno&#8221;. &#8220;Queste nuove risorse &#8211; serviranno per rafforzare la loro capacit\u00e0 di progettazione, realizzazione e attuazione degli interventi. Saranno assunte entro la fine di luglio con una procedura velocissima che aiuter\u00e0 le pubbliche amministrazioni a programmare e gestire l&#8217;enorme flusso di finanziamenti che arriveranno dal Piano nazionale di ripresa e resilienza, ma anche dal nuovo Piano dei fondi europei del ciclo 2021-2027 e dalla programmazione del Fondo nazionale di sviluppo e coesione. Accanto a questo stiamo lavorando per rafforzare il ruolo dell&#8217;Agenzia nazionale per la coesione territoriale che affiancher\u00e0 le pubbliche amministrazioni per il monitoraggio delle attivit\u00e0 e in alcuni casi supplire le amministrazioni inadempienti&#8221;.<div id=\"div-gpt-ad-Messinaoggi.it-DSK-300x250-corpoart\" style=\"text-align:center;margin:0 auto;\"><\/div><\/p>\n\n\n\n<p>&#8220;Sul Ponte sullo Stretto il Governo ha presentato una relazione frutto di uno studio di una commissione che \u00e8 stata insediata dal precedente governo. C&#8217;\u00e8 assoluta volont\u00e0 di fare l&#8217;opera e anche in quella relazione emerge la necessit\u00e0 di costruire il Ponte per collegare la Sicilia soprattutto all&#8217;Europa e per fare della regione un hub logistico nel Mediterraneo&#8221;. A dirlo il ministro per il Sud Mara Carfagna durante un sopralluogo alla baraccopoli di Fondo Fucile a Messina. &#8220;Di Sicilia si parla di sbarchi &#8211; prosegue Carfagna &#8211; solo per quello che riguarda i migranti, ma poco di sbarchi di merci e materie prime, cosa che la Sicilia pu\u00f2 fare benissimo per intercettare i traffici che provengono dal Nord Africa dal Medio Oriente. Dobbiamo potenziare le infrastrutture attingendo dal Piano nazionale di ripresa e Resilienza. Con il fondo complementare potenzieremo la tratta autostradale Palermo-Messina-Catania e ci sar\u00e0 una riduzione dei tempi. Potenzieremo anche le reti ferroviarie interne e anche la viabilit\u00e0 delle aree interne della Sicilia&#8221;.<div id=\"videoincontent\" style=\"clear:both\";><\/div><\/p>\n","protected":false},"excerpt":{"rendered":"<p>&#8220;Il recovery plan \u00e8 un&#8217;occasione straordinaria per riunificare il Paese e ho fortemente voluto che il 40% delle risorse fossero destinate al Sud. La Sicilia ne intercetter\u00e0 buona parte. Gli investimenti serviranno a implementare il rilancio culturale del Mezzogiorno e il rafforzamento delle strutture sanitarie, a cominciare dai presidi di prossimit\u00e0&#8221;. L&#8217;ha detto il ministro [&hellip;]<\/p>\n","protected":false},"author":4,"featured_media":65978,"comment_status":"open","ping_status":"open","sticky":false,"template":"","format":"standard","meta":{"ub_ctt_via":"","_mi_skip_tracking":false},"categories":[19,6],"tags":[],"featured_image_src":"https:\/\/www.messinaoggi.it\/website\/wp-content\/uploads\/2021\/05\/IMG-20210525-WA0004.jpg","author_info":{"display_name":"redme","author_link":"https:\/\/www.messinaoggi.it\/website\/author\/redme\/"},"digistream_id":0,"digistream":false,"_links":{"self":[{"href":"https:\/\/www.messinaoggi.it\/website\/wp-json\/wp\/v2\/posts\/65977"}],"collection":[{"href":"https:\/\/www.messinaoggi.it\/website\/wp-json\/wp\/v2\/posts"}],"about":[{"href":"https:\/\/www.messinaoggi.it\/website\/wp-json\/wp\/v2\/types\/post"}],"author":[{"embeddable":true,"href":"https:\/\/www.messinaoggi.it\/website\/wp-json\/wp\/v2\/users\/4"}],"replies":[{"embeddable":true,"href":"https:\/\/www.messinaoggi.it\/website\/wp-json\/wp\/v2\/comments?post=65977"}],"version-history":[{"count":2,"href":"https:\/\/www.messinaoggi.it\/website\/wp-json\/wp\/v2\/posts\/65977\/revisions"}],"predecessor-version":[{"id":65981,"href":"https:\/\/www.messinaoggi.it\/website\/wp-json\/wp\/v2\/posts\/65977\/revisions\/65981"}],"wp:featuredmedia":[{"embeddable":true,"href":"https:\/\/www.messinaoggi.it\/website\/wp-json\/wp\/v2\/media\/65978"}],"wp:attachment":[{"href":"https:\/\/www.messinaoggi.it\/website\/wp-json\/wp\/v2\/media?parent=65977"}],"wp:term":[{"taxonomy":"category","embeddable":true,"href":"https:\/\/www.messinaoggi.it\/website\/wp-json\/wp\/v2\/categories?post=65977"},{"taxonomy":"post_tag","embeddable":true,"href":"https:\/\/www.messinaoggi.it\/website\/wp-json\/wp\/v2\/tags?post=65977"}],"curies":[{"name":"wp","href":"https:\/\/api.w.org\/{rel}","templated":true}]}}