{"id":6597,"date":"2017-08-19T10:27:04","date_gmt":"2017-08-19T08:27:04","guid":{"rendered":"http:\/\/www.messinaoggi.it\/website\/?p=6597"},"modified":"2017-08-19T10:27:04","modified_gmt":"2017-08-19T08:27:04","slug":"laccoto-pd-nessuna-soppressione-di-pte-o-di-ambulanze-medicalizzate-senza-confronto-col-territorio","status":"publish","type":"post","link":"https:\/\/www.messinaoggi.it\/website\/2017\/08\/19\/laccoto-pd-nessuna-soppressione-di-pte-o-di-ambulanze-medicalizzate-senza-confronto-col-territorio\/","title":{"rendered":"Laccoto (PD): \u201cNessuna soppressione di PTE o di ambulanze medicalizzate senza confronto col territorio\u201d"},"content":{"rendered":"<p style=\"text-align: justify\" align=\"JUSTIFY\">\u201c<span style=\"font-family: Arial, sans-serif\"><span style=\"font-size: medium\">Nessuna modifica alla rete di emergenza \u00e8 praticabile senza prima passare dal confronto con le comunit\u00e0 ed i territori interessati\u201d. Parola del presidente della Commissione Attivit\u00e0 Produttive all\u2019Ars, Giuseppe Laccoto. Infatti, a seguito delle petizioni popolari avviate nei comuni di Torregrotta, Milazzo e Falcone, Laccoto ha voluto sottolineare che non sussiste alcun rischio in riferimento alla soppressione dei PTE (Presidi territoriali di emergenza) e di ambulanze medicalizzate nel territorio provinciale, quanto meno non senza un attivo coinvolgimento delle diverse parti interessate.<\/span><\/span><div id=\"div-gpt-ad-Messinaoggi.it-DSK-300x250-corpoart\" style=\"text-align:center;margin:0 auto;\"><\/div><\/p>\n<p style=\"text-align: justify\" align=\"JUSTIFY\">\u201c<span style=\"font-family: Arial, sans-serif\"><span style=\"font-size: medium\">La direzione dell\u2019Asp di Messina \u2013 prosegue Laccoto \u2013 non si sognerebbe mai di procedere in questa direzione, ma \u00e8 bene tenere alta la guardia. D\u2019altra parte una eventuale modifica delle rete d\u2019emergenza dovrebbe prioritariamente passare da una concertazione con le realt\u00e0 sanitarie del territorio e con le comunit\u00e0 interessate, oltre che ottenere il parere della Commissione Sanit\u00e0 all\u2019Ars. Tutti passaggi che razionalmente \u00e8 difficile poter compiere perch\u00e9 \u00e8 evidente che non si pu\u00f2 prescindere dalla realt\u00e0 territoriale e dai bisogni concreti delle popolazioni che legittimamente chiedono servizi efficienti. <\/span><\/span><div id=\"videoincontent\" style=\"clear:both\";><\/div><\/p>\n<p style=\"text-align: justify\" align=\"JUSTIFY\"><span style=\"font-family: Arial, sans-serif\"><span style=\"font-size: medium\">Salvare una vita vale molto di pi\u00f9 dei meri calcoli economici che si possono fare per creare risparmi in un settore delicatissimo come quello della sanit\u00e0. Per questo \u2013 conclude Laccoto \u2013 l\u2019impegno sar\u00e0 massimo per tutelare una rete d\u2019emergenza che garantisca prestazioni sanitarie all\u2019altezza delle aspettative dei 108 comuni della Provincia di Messina che possiede caratteristiche geografiche uniche\u201d.<\/span><\/span><\/p>\n","protected":false},"excerpt":{"rendered":"<p>\u201cNessuna modifica alla rete di emergenza \u00e8 praticabile senza prima passare dal confronto con le comunit\u00e0 ed i territori interessati\u201d. Parola del presidente della Commissione Attivit\u00e0 Produttive all\u2019Ars, Giuseppe Laccoto. Infatti, a seguito delle petizioni popolari avviate nei comuni di Torregrotta, Milazzo e Falcone, Laccoto ha voluto sottolineare che non sussiste alcun rischio in riferimento [&hellip;]<\/p>\n","protected":false},"author":8,"featured_media":2218,"comment_status":"closed","ping_status":"open","sticky":false,"template":"","format":"standard","meta":{"ub_ctt_via":"","_mi_skip_tracking":false},"categories":[11],"tags":[],"featured_image_src":"https:\/\/www.messinaoggi.it\/website\/wp-content\/uploads\/2017\/06\/LaccotoPippo-2.jpg","author_info":{"display_name":"red..me","author_link":"https:\/\/www.messinaoggi.it\/website\/author\/redstage\/"},"digistream_id":0,"digistream":false,"_links":{"self":[{"href":"https:\/\/www.messinaoggi.it\/website\/wp-json\/wp\/v2\/posts\/6597"}],"collection":[{"href":"https:\/\/www.messinaoggi.it\/website\/wp-json\/wp\/v2\/posts"}],"about":[{"href":"https:\/\/www.messinaoggi.it\/website\/wp-json\/wp\/v2\/types\/post"}],"author":[{"embeddable":true,"href":"https:\/\/www.messinaoggi.it\/website\/wp-json\/wp\/v2\/users\/8"}],"replies":[{"embeddable":true,"href":"https:\/\/www.messinaoggi.it\/website\/wp-json\/wp\/v2\/comments?post=6597"}],"version-history":[{"count":0,"href":"https:\/\/www.messinaoggi.it\/website\/wp-json\/wp\/v2\/posts\/6597\/revisions"}],"wp:featuredmedia":[{"embeddable":true,"href":"https:\/\/www.messinaoggi.it\/website\/wp-json\/wp\/v2\/media\/2218"}],"wp:attachment":[{"href":"https:\/\/www.messinaoggi.it\/website\/wp-json\/wp\/v2\/media?parent=6597"}],"wp:term":[{"taxonomy":"category","embeddable":true,"href":"https:\/\/www.messinaoggi.it\/website\/wp-json\/wp\/v2\/categories?post=6597"},{"taxonomy":"post_tag","embeddable":true,"href":"https:\/\/www.messinaoggi.it\/website\/wp-json\/wp\/v2\/tags?post=6597"}],"curies":[{"name":"wp","href":"https:\/\/api.w.org\/{rel}","templated":true}]}}