{"id":65942,"date":"2021-05-25T08:23:05","date_gmt":"2021-05-25T06:23:05","guid":{"rendered":"http:\/\/www.messinaoggi.it\/website\/?p=65942"},"modified":"2021-05-25T08:23:07","modified_gmt":"2021-05-25T06:23:07","slug":"stabilizzazione-orchestrali-del-vittorio-emanuele-e-scontro-tra-cisal-e-amata","status":"publish","type":"post","link":"https:\/\/www.messinaoggi.it\/website\/2021\/05\/25\/stabilizzazione-orchestrali-del-vittorio-emanuele-e-scontro-tra-cisal-e-amata\/","title":{"rendered":"Stabilizzazione orchestrali del \u201cVittorio Emanuele\u201d, \u00e8 scontro tra Cisal e Amata"},"content":{"rendered":"\n<p>\u00c8 scontro tra la capogruppo all\u2019Ars di Fratelli d\u2019Italia, Elvira Amata, e la segretaria provinciale di Siad Cisal, Clara Croc\u00e8. La sindacalista, infatti, ha puntato il dito contro la deputata regionale, accusandola di voler bloccare le risorse regionali che, stando a quando evidenziato da Croc\u00e8, sarebbero da destinare alla stabilizzazione degli orchestrali del teatro \u201cVittorio Emanuele\u201d di Messina.<div id=\"div-gpt-ad-Messinaoggi.it-DSK-300x250-corpoart\" style=\"text-align:center;margin:0 auto;\"><\/div><\/p>\n\n\n\n<p>\u201cSulla condizione di precariet\u00e0 ed incertezza dei musicisti dell\u2019orchestra del teatro Vittorio Emanuele, &#8211; dichiara Croc\u00e8 &#8211; adesso si aggiunge anche il blocco dei trasferimenti di circa 900 mila euro di risorse, dei quali il 20%, in base a quanto previsto dall\u2019art. 136 della finanziaria regionale del 2005, deve essere destinato alla loro stabilizzazione. Dopo che \u00e8 fallito il goffo tentativo di abrogare la norma che destina il finanziamento alla stabilizzazione degli orchestrali ad opera del deputato Elvira Amata, adesso si tenta di bloccare le risorse destinate all\u2019orchestra. Fermeremo qualsiasi tentativo di sabotaggio perpetrato nei confronti dell\u2019Orchestra\u201d.<div id=\"videoincontent\" style=\"clear:both\";><\/div><\/p>\n\n\n\n<p>\u201cNessun \u2018tentativo di sabotaggio\u2019 n\u00e9 di frapporre ostacoli ad un eventuale percorso di stabilizzazione degli orchestrali del Teatro di Messina, &#8211; risponde Amata &#8211; ma \u00e8 bene mettere in chiaro subito le cose perch\u00e9 gli attacchi della Siad Cisal sono ingiusti, ingenerosi ed evidenziano una scarsa conoscenza di norme e fatti\u201d<\/p>\n\n\n\n<p>\u201cIntanto &#8211; spiega Amata &#8211; la legge di stabilit\u00e0 2003-2005 prevedeva l\u2019obbligo di destinazione del trasferimento, nella misura del 15%, dall\u2019esercizio finanziario 2005, elevato al 20% a seguito di un\u2019altra norma del dicembre 2004 e che al tempo della previsione finanziaria e fino al 2008, l\u2019Ente Teatro di Messina non ha ritenuto di dover procedere alla stabilizzazione. La modifica del quadro normativo dal 2008 ad oggi, diretta conseguenza delle necessarie misure di contenimento della spesa pubblica osta alle finalit\u00e0 perseguite dalla Legge di stabilit\u00e0 2021-2023. Infatti, con la legge regionale 25\/2008, seppur con alcune deroghe introdotte dalla legge regionale 14\/2019 per il ricambio generazionale, le nuove assunzioni del personale non dirigenziale sono direttamente collegate al risparmio di spesa consequenziale all\u2019avvenuta messa in quiescenza del personale in organico; ed ancora, il personale orchestrale utilizzato dal Teatro di Messina nel corso degli anni, in forma stagionale, non risulta avere i requisiti per la stabilizzazione del cosiddetto \u2018precariato storico\u2019 della Regione n\u00e9 quelli previsti dal decreto legislativo del maggio 2017 contenente disposizioni per il \u2018Superamento del precariato nelle pubbliche amministrazioni\u2019\u201d.<\/p>\n\n\n\n<p>\u201cMa non \u00e8 tutto &#8211; osserva Elvira Amata &#8211; perch\u00e9 probabilmente la Croc\u00e8 non sa che la quasi totalit\u00e0 del personale orchestrale utilizzato dall\u2019Ente versa comunque in condizione di incompatibilit\u00e0 con il Decreto legislativo del maggio 2017, n. 75 in quanto gi\u00e0 occupato a tempo indeterminato presso altra pubblica amministrazione. Personalmente mi sono immediatamente attivata in sede di approvazione della Legge di Bilancio, per sbloccare le risorse in favore del Teatro di Messina. La posizione del Siad Cisal \u00e8 infondata in fatto ed in diritto e diretta oltre che ingenerosa nei miei confronti. \u00c8 tempo di dire la verit\u00e0 e di prendere atto che i professori d\u2019orchestra del Teatro di Messina, tra i pi\u00f9 qualificati d\u2019Italia, oggi possono essere utilizzati solo con contratti stagionali. Sostenere il contrario equivale a privare il Teatro, e quindi anche gli stessi musicisti, della possibilit\u00e0 di partecipare al rilancio dell\u2019attivit\u00e0 dell\u2019Ente\u201d.<\/p>\n\n\n\n<p>\u201cGrazie alle politiche dell\u2019assessore regionale al turismo, sport e spettacolo Manlio Messina ed alla gestione del sovrintendente Gianfranco Scoglio, nominato da questo governo \u2013 afferma Amata &#8211; il Teatro di Messina ha risanato i propri conti e pu\u00f2 finalmente svolgere, in sicurezza, le proprie attivit\u00e0. Chi ha interesse ad impedire che il Teatro finalmente riparta con proprie produzioni e continui nel suo percorso di sana gestione offrendo alla Comunit\u00e0 del comprensorio metropolitano un\u2019offerta culturale consona alle tradizioni del Teatro? Le polemiche non servono. \u00c8 necessario, invece garantire all\u2019Ente le necessarie risorse economiche per far proseguire l\u2019attivit\u00e0 musicale e di prosa. Chi specula sulla stabilizzazione dei professori di orchestra non vuole il bene del teatro soprattutto in considerazione del fatto che la legge regionale ne consente l\u2019utilizzo con contratti stagionali. Impedire, inoltre, l\u2019uso di parte del contributo regionale per improponibili procedure in contrasto con le vigenti leggi in materia di personale degli enti pubblici \u00e8 utile solo a far s\u00ec che i professori di orchestra non possano essere utilizzati nel corso della stagione come peraltro avvenuto anche durante il periodo dell\u2019emergenza epidemiologica. Come comunicato dalla governance del teatro e dal Sovrintendente, in una recente audizione presso la Commissione Cultura regionale oggi non sussistono le condizioni di Legge per la stabilizzazione del personale orchestrale utilizzato dall\u2019Ente per le produzioni sinfoniche ed operistiche\u201d.<\/p>\n","protected":false},"excerpt":{"rendered":"<p>\u00c8 scontro tra la capogruppo all\u2019Ars di Fratelli d\u2019Italia, Elvira Amata, e la segretaria provinciale di Siad Cisal, Clara Croc\u00e8. La sindacalista, infatti, ha puntato il dito contro la deputata regionale, accusandola di voler bloccare le risorse regionali che, stando a quando evidenziato da Croc\u00e8, sarebbero da destinare alla stabilizzazione degli orchestrali del teatro \u201cVittorio [&hellip;]<\/p>\n","protected":false},"author":8,"featured_media":50003,"comment_status":"open","ping_status":"open","sticky":false,"template":"","format":"standard","meta":{"ub_ctt_via":"","_mi_skip_tracking":false},"categories":[4],"tags":[1985,655,1984,1983],"featured_image_src":"https:\/\/www.messinaoggi.it\/website\/wp-content\/uploads\/2020\/12\/27277BAB-082B-4B4A-9DCD-B22FEF453583.jpeg","author_info":{"display_name":"red..me","author_link":"https:\/\/www.messinaoggi.it\/website\/author\/redstage\/"},"digistream_id":0,"digistream":false,"_links":{"self":[{"href":"https:\/\/www.messinaoggi.it\/website\/wp-json\/wp\/v2\/posts\/65942"}],"collection":[{"href":"https:\/\/www.messinaoggi.it\/website\/wp-json\/wp\/v2\/posts"}],"about":[{"href":"https:\/\/www.messinaoggi.it\/website\/wp-json\/wp\/v2\/types\/post"}],"author":[{"embeddable":true,"href":"https:\/\/www.messinaoggi.it\/website\/wp-json\/wp\/v2\/users\/8"}],"replies":[{"embeddable":true,"href":"https:\/\/www.messinaoggi.it\/website\/wp-json\/wp\/v2\/comments?post=65942"}],"version-history":[{"count":1,"href":"https:\/\/www.messinaoggi.it\/website\/wp-json\/wp\/v2\/posts\/65942\/revisions"}],"predecessor-version":[{"id":65943,"href":"https:\/\/www.messinaoggi.it\/website\/wp-json\/wp\/v2\/posts\/65942\/revisions\/65943"}],"wp:featuredmedia":[{"embeddable":true,"href":"https:\/\/www.messinaoggi.it\/website\/wp-json\/wp\/v2\/media\/50003"}],"wp:attachment":[{"href":"https:\/\/www.messinaoggi.it\/website\/wp-json\/wp\/v2\/media?parent=65942"}],"wp:term":[{"taxonomy":"category","embeddable":true,"href":"https:\/\/www.messinaoggi.it\/website\/wp-json\/wp\/v2\/categories?post=65942"},{"taxonomy":"post_tag","embeddable":true,"href":"https:\/\/www.messinaoggi.it\/website\/wp-json\/wp\/v2\/tags?post=65942"}],"curies":[{"name":"wp","href":"https:\/\/api.w.org\/{rel}","templated":true}]}}