{"id":65940,"date":"2021-05-25T08:02:05","date_gmt":"2021-05-25T06:02:05","guid":{"rendered":"http:\/\/www.messinaoggi.it\/website\/?p=65940"},"modified":"2021-05-25T08:02:07","modified_gmt":"2021-05-25T06:02:07","slug":"ridimensionamento-pianta-organica-del-papardo-grasso-tagli-ingiustificati","status":"publish","type":"post","link":"https:\/\/www.messinaoggi.it\/website\/2021\/05\/25\/ridimensionamento-pianta-organica-del-papardo-grasso-tagli-ingiustificati\/","title":{"rendered":"Ridimensionamento pianta organica del Papardo, Grasso: \u201cTagli ingiustificati\u201d"},"content":{"rendered":"\n<p>Anche la deputata regionale Bernardette Grasso interviene sul ridimensionamento della pianta organica dell\u2019ospedale \u201cPapardo\u201d, parlando al riguardo di tagli ingiustificati che andranno a scapito dei cittadini.<div id=\"div-gpt-ad-Messinaoggi.it-DSK-300x250-corpoart\" style=\"text-align:center;margin:0 auto;\"><\/div><\/p>\n\n\n\n<p>\u201cLa scelta del ridimensionamento della pianta organica di una struttura fondamentale per la sanit\u00e0 messinese non pu\u00f2 passare in sordina. &#8211; dichiara &#8211; Per citare qualche numero, nel 2017 per 324 posti letto, era previsto un tetto di spesa di quasi 80 milioni di euro, a fronte di 1.494 dipendenti. Ad oggi, per 375 posti letto, il tetto di spesa si riduce a 71,870 milioni di euro, a fronte di 1.345 dipendenti.<div id=\"videoincontent\" style=\"clear:both\";><\/div><\/p>\n\n\n\n<p>\u201cDa un raffronto con altre aziende simili al Papardo per volumi di attivit\u00e0, si rileva che soltanto il nosocomio messinese ha subito una riduzione del tetto di spesa. Inoltre, mi risulta che l&#8217;assessorato regionale alla salute ha richiesto la realizzazione di ulteriori 15 posti letto di rianimazione, per i quali ci si aspettava un ulteriore finanziamento che ancora per\u00f2 non \u00e8 stato concesso.<\/p>\n\n\n\n<p>\u201c\u00c8 pur vero che in questi anni da Roma la questione Papardo \u00e8 sempre stata sottovalutata, preferendo dirottare attenzioni verso altre strutture. In ballo c&#8217;\u00e8 la salute dei cittadini, l&#8217;anello ultimo di scelte che condizionerebbero servizi pi\u00f9 efficienti e performanti, in nome dei tagli ingiustificati, specie se in piena Pandemia\u201d.<\/p>\n","protected":false},"excerpt":{"rendered":"<p>Anche la deputata regionale Bernardette Grasso interviene sul ridimensionamento della pianta organica dell\u2019ospedale \u201cPapardo\u201d, parlando al riguardo di tagli ingiustificati che andranno a scapito dei cittadini. \u201cLa scelta del ridimensionamento della pianta organica di una struttura fondamentale per la sanit\u00e0 messinese non pu\u00f2 passare in sordina. &#8211; dichiara &#8211; Per citare qualche numero, nel 2017 [&hellip;]<\/p>\n","protected":false},"author":8,"featured_media":44001,"comment_status":"open","ping_status":"open","sticky":false,"template":"","format":"standard","meta":{"ub_ctt_via":"","_mi_skip_tracking":false},"categories":[4],"tags":[1290,812,1982],"featured_image_src":"https:\/\/www.messinaoggi.it\/website\/wp-content\/uploads\/2020\/05\/Bernardette-Grasso-1.jpg","author_info":{"display_name":"red..me","author_link":"https:\/\/www.messinaoggi.it\/website\/author\/redstage\/"},"digistream_id":0,"digistream":false,"_links":{"self":[{"href":"https:\/\/www.messinaoggi.it\/website\/wp-json\/wp\/v2\/posts\/65940"}],"collection":[{"href":"https:\/\/www.messinaoggi.it\/website\/wp-json\/wp\/v2\/posts"}],"about":[{"href":"https:\/\/www.messinaoggi.it\/website\/wp-json\/wp\/v2\/types\/post"}],"author":[{"embeddable":true,"href":"https:\/\/www.messinaoggi.it\/website\/wp-json\/wp\/v2\/users\/8"}],"replies":[{"embeddable":true,"href":"https:\/\/www.messinaoggi.it\/website\/wp-json\/wp\/v2\/comments?post=65940"}],"version-history":[{"count":1,"href":"https:\/\/www.messinaoggi.it\/website\/wp-json\/wp\/v2\/posts\/65940\/revisions"}],"predecessor-version":[{"id":65941,"href":"https:\/\/www.messinaoggi.it\/website\/wp-json\/wp\/v2\/posts\/65940\/revisions\/65941"}],"wp:featuredmedia":[{"embeddable":true,"href":"https:\/\/www.messinaoggi.it\/website\/wp-json\/wp\/v2\/media\/44001"}],"wp:attachment":[{"href":"https:\/\/www.messinaoggi.it\/website\/wp-json\/wp\/v2\/media?parent=65940"}],"wp:term":[{"taxonomy":"category","embeddable":true,"href":"https:\/\/www.messinaoggi.it\/website\/wp-json\/wp\/v2\/categories?post=65940"},{"taxonomy":"post_tag","embeddable":true,"href":"https:\/\/www.messinaoggi.it\/website\/wp-json\/wp\/v2\/tags?post=65940"}],"curies":[{"name":"wp","href":"https:\/\/api.w.org\/{rel}","templated":true}]}}