{"id":659,"date":"2017-05-28T11:09:57","date_gmt":"2017-05-28T09:09:57","guid":{"rendered":"http:\/\/www.messinaoggi.it\/website\/?p=659"},"modified":"2017-05-28T11:09:57","modified_gmt":"2017-05-28T09:09:57","slug":"missione-messina-punta-alle-amministrative","status":"publish","type":"post","link":"https:\/\/www.messinaoggi.it\/website\/2017\/05\/28\/missione-messina-punta-alle-amministrative\/","title":{"rendered":"Missione Messina punta alle Amministrative"},"content":{"rendered":"<p>Non ha ancora una lista elettorale dei candidati pronta ma quello che \u00e8 certo \u00e8 che la ventina di persone che lo compongono vogliono correre dritti e spediti verso le competizioni Amministrative del 2018 e fare anche la differenza. E a giudicare dal fermento che ha provocato oggi al Monte di Piet\u00e0, potrebbe riuscirci se non altro per dare una scossa alla \u201cpiattezza dei partiti troppo strutturati\u201d, dopo due anni di crescita sul territorio. Il candidato sindaco non c\u2019\u00e8 (almeno non in maniera esplicita) e non \u00e8 stato dichiarato ma se ci sar\u00e0 bisogno il concorrente emerger\u00e0. Missione Messina ha fatto il suo lancio ufficiale questa mattina con il suo presidente Santi Daniele Zuccarello, gi\u00e0 consigliere comunale e con una riunione affollata di cittadini e di vari esponenti del tessuto sociale. Il vicepresidente \u00e8 l\u2019architetto Maria Gangemi.<br \/>\n\u201cVogliamo presentarci al territorio, insieme a quanti hanno aderito al Movimento \u2013 avverte Zuccarello &#8211; che si \u00e8 aperto ai giovani, a chi sta nelle periferie, ai liberi professionisti che intendono contribuire a costruire una Messina migliore. Si tratta di una nuova idea, di una prospettiva futura con tutte le intenzioni di diventare protagonista per le prossime Amministrative. La mia presidenza non significa che sar\u00f2 il candidato punta. Non \u00e8 la candidatura di Zuccarello ma di un gruppo under 40. Questo \u00e8 il nostro sistema di fare politica con ragazzi validi e professionisti\u201d. E una presentazione che si rispetti non poteva non parlare di programmi, anche proiettandosi nelle prossime consultazioni elettorali. \u201cIn tanti, finora, hanno saccheggiato Messina &#8211; motiva il consigliere &#8211; facendo prevalere il proprio tornaconto, mettendo al primo posto gli obiettivi personali. Migliorare Messina migliore \u00e8 e sar\u00e0 il nostro primo obiettivo da perseguire. Per attuarlo, abbiamo delle linee programmatiche di sviluppo e siamo disponibili ad alleanze che condividono le nostre tematiche, aggiungendo ancora pi\u00f9 energie\u201d.<br \/>\nZuccarello ha invitato trasversalmente tanti politici regionali e locali, colleghi, sindaco, assessori, associazioni di categoria, oltre al mondo del lavoro. A rispondere tra i deputati Nino German\u00e0, poi tra le associazioni il presidente della Confcommercio Carmelo Picciotto, il presidente dell\u2019ordine dei commercialisti Spicuzza e l\u2019ex Presidente della Provincia regionale di Messina, Nanni Ricevuto.<br \/>\n\u201cPer ora abbiamo scelto di camminare da soli \u2013 incalza -. Non cerchiamo di cambiare Messina dal basso ma dalle imprese. Ogni punto, ogni passo \u00e8 legato all\u2019imprenditoria, al privato aiutato dalla politica. Questo \u00e8 quello che la politica pu\u00f2 fare. Vogliamo che questa linea venga inserita all\u2019interno del programma del candidato a sindaco. Noi sosterremo il sindaco che appogger\u00e0 la nostra ideologia, il modo in cui vogliamo portare avanti il nostro Paese. Le aziende non possono aspettare tempi biblici perch\u00e9 si abbassi il canone del suolo che occupano. Il pubblico pu\u00f2 fare molto per le imprese, non deve da solo produrre lavoro. Dobbiamo fermarci con questo modo di pensare. Dobbiamo creare rete, attrezzarci, partendo da ogni settore della vita socio-economica: l\u2019occupazione, il turismo, la cultura sono tutti connessi al concetto imprenditoriale. Non possiamo sperare solo nel sole e nel mare se non ci sono lidi, attivit\u00e0 dotate di servizi per richiamare i visitatori. Le associazioni culturali hanno bisogno di siti di aggregazione per poter realizzare i loro spettacoli. Il Palacultura non pu\u00f2 essere la Caserma dei Vigili urbani. Il privato gira intorno a tutto questo fornendo le risorse. Abbiamo focalizzato che la nostra realt\u00e0 \u00e8 formata dalle piccole imprese e non dalle grandi. Lo stesso principio vale per lo sport. Ogni impianto deve essere libero di essere fruito e gestito da associazioni e federazioni perch\u00e9 il coordinamento pubblico ha fallito. Ogni luogo pubblico \u00e8 abbandonato mentre con il soggetto privato questo non succede perch\u00e9 ha tutti gli interessi di farlo funzionare\u201d.<br \/>\n\u201cNoi oggi stiamo dichiarando che lavoriamo per costituire una lista elettorale &#8211; rimarca &#8211; fatta di piccoli imprenditori, persone che collaborano con associazioni e anche animalisti. La presenza \u00e8 anche molto femminile, anzi supera quella degli uomini\u201d.<br \/>\nIl Movimento non sembra avere una vera e propria connotazione politica ma ha dei punti fermi. \u201cNon c\u2019\u00e8 una candidatura a sindaco. Continuer\u00f2 a fare politica con questo movimento. Intanto siamo cresciuti. Se non dovessimo trovare qualcuno che si senta complice delle nostre idee e quindi anche per la sindacatura, faremo una nostra lista, esprimeremo dopo il candidato principale, che sia io o un altro al momento non ha importanza\u201d.<br \/>\nZuccarello ha fondato il Movimento il 21 marzo 2015 e lo dice con fierezza. All\u2019epoca si \u00e8 distaccato dai partiti politici. Tanta gente si \u00e8 affiancata a lui con ha deciso di portare avanti.<br \/>\nGli chiediamo: C\u2019\u00e8 un partito che escluderebbe di accettare se proponessero un\u2019alleanza?<br \/>\n\u201cIn questo momento scarterei Forza Italia. Non condivido n\u00e9 chi c\u2019\u00e8 dentro, n\u00e9 il modo di fare politica, che era inesistente quando mi hanno obbligato ad uscire dal Pd\u201d.<br \/>\n<em>Foto Rocco Papandrea<\/em><div id=\"div-gpt-ad-Messinaoggi.it-DSK-300x250-corpoart\" style=\"text-align:center;margin:0 auto;\"><\/div><\/p>\n<div id=\"videoincontent\" style=\"clear:both\";><\/div>","protected":false},"excerpt":{"rendered":"<p>Non ha ancora una lista elettorale dei candidati pronta ma quello che \u00e8 certo \u00e8 che la ventina di persone che lo compongono vogliono correre dritti e spediti verso le competizioni Amministrative del 2018 e fare anche la differenza. E a giudicare dal fermento che ha provocato oggi al Monte di Piet\u00e0, potrebbe riuscirci se [&hellip;]<\/p>\n","protected":false},"author":2,"featured_media":660,"comment_status":"closed","ping_status":"open","sticky":false,"template":"","format":"standard","meta":{"ub_ctt_via":"","_mi_skip_tracking":false},"categories":[4],"tags":[],"featured_image_src":"https:\/\/www.messinaoggi.it\/website\/wp-content\/uploads\/2017\/05\/Missione-Messina-messinaoggi-2.jpg","author_info":{"display_name":"Redazione","author_link":"https:\/\/www.messinaoggi.it\/website\/author\/redazione\/"},"digistream_id":0,"digistream":false,"_links":{"self":[{"href":"https:\/\/www.messinaoggi.it\/website\/wp-json\/wp\/v2\/posts\/659"}],"collection":[{"href":"https:\/\/www.messinaoggi.it\/website\/wp-json\/wp\/v2\/posts"}],"about":[{"href":"https:\/\/www.messinaoggi.it\/website\/wp-json\/wp\/v2\/types\/post"}],"author":[{"embeddable":true,"href":"https:\/\/www.messinaoggi.it\/website\/wp-json\/wp\/v2\/users\/2"}],"replies":[{"embeddable":true,"href":"https:\/\/www.messinaoggi.it\/website\/wp-json\/wp\/v2\/comments?post=659"}],"version-history":[{"count":0,"href":"https:\/\/www.messinaoggi.it\/website\/wp-json\/wp\/v2\/posts\/659\/revisions"}],"wp:featuredmedia":[{"embeddable":true,"href":"https:\/\/www.messinaoggi.it\/website\/wp-json\/wp\/v2\/media\/660"}],"wp:attachment":[{"href":"https:\/\/www.messinaoggi.it\/website\/wp-json\/wp\/v2\/media?parent=659"}],"wp:term":[{"taxonomy":"category","embeddable":true,"href":"https:\/\/www.messinaoggi.it\/website\/wp-json\/wp\/v2\/categories?post=659"},{"taxonomy":"post_tag","embeddable":true,"href":"https:\/\/www.messinaoggi.it\/website\/wp-json\/wp\/v2\/tags?post=659"}],"curies":[{"name":"wp","href":"https:\/\/api.w.org\/{rel}","templated":true}]}}