{"id":65852,"date":"2021-05-24T17:10:27","date_gmt":"2021-05-24T15:10:27","guid":{"rendered":"http:\/\/www.messinaoggi.it\/website\/?p=65852"},"modified":"2021-05-24T18:41:54","modified_gmt":"2021-05-24T16:41:54","slug":"lega-sonia-grasso-responsabile-catanese-enti-locali-su-proposta-di-francilia","status":"publish","type":"post","link":"https:\/\/www.messinaoggi.it\/website\/2021\/05\/24\/lega-sonia-grasso-responsabile-catanese-enti-locali-su-proposta-di-francilia\/","title":{"rendered":"Lega: Sonia Grasso responsabile catanese Enti locali su proposta di Francilia"},"content":{"rendered":"\n<p>Sonia Grasso \u00e8 stata nominata responsabile provinciale Enti locali della Lega Sicilia per la provincia di Catania. Un provvedimento che reca il firma del segretario regionale Nino Minardo su proposta del responsabile regionali Enti locali Matteo Francilia.<br>Sonia Grasso, ingegnere libero professionista e vice Presidente dell&#8217;Ordine degli Ingegneri di Catania, ha alle sue spalle oltre cinque anni di esperienza amministrativa come assessore al Comune di Mascalucia. \u00c8 stata negli scorsi anni responsabile provinciale del tesseramento per la Lega. &#8220;Ringrazio il nostro segretario regionale Nino Minardo e il responsabile regionale Enti locali Lega Matteo Francilia &#8211; ha commentato Sonia Grasso- per la fiducia e a Fabio Cantarella per avermi fatto entusiasmare nell&#8217;intraprendere la militanza in questo partito.<br>Credo che la Lega, oggi primo partito italiano, in una terra come la Sicilia possa e debba ambire a crescere allargando la propria struttura sul territorio, attraverso l&#8217;ascolto e il dialogo con i cittadini, aprendo sempre di pi\u00f9 le porte ai contributi qualificati che vengono dalla societ\u00e0 civile, un partito che guarda al benessere del Paese attraverso iniziative di promozione e valorizzazione delle identit\u00e0 locali&#8221;.<div id=\"div-gpt-ad-Messinaoggi.it-DSK-300x250-corpoart\" style=\"text-align:center;margin:0 auto;\"><\/div><\/p>\n<div id=\"videoincontent\" style=\"clear:both\";><\/div>","protected":false},"excerpt":{"rendered":"<p>Sonia Grasso \u00e8 stata nominata responsabile provinciale Enti locali della Lega Sicilia per la provincia di Catania. Un provvedimento che reca il firma del segretario regionale Nino Minardo su proposta del responsabile regionali Enti locali Matteo Francilia.Sonia Grasso, ingegnere libero professionista e vice Presidente dell&#8217;Ordine degli Ingegneri di Catania, ha alle sue spalle oltre cinque [&hellip;]<\/p>\n","protected":false},"author":4,"featured_media":65853,"comment_status":"open","ping_status":"open","sticky":false,"template":"","format":"standard","meta":{"ub_ctt_via":"","_mi_skip_tracking":false},"categories":[4],"tags":[1233,719,1007,1969],"featured_image_src":"https:\/\/www.messinaoggi.it\/website\/wp-content\/uploads\/2021\/05\/Lega-Sonia-Grasso-Fabio-Cantarella-Minardo.jpg","author_info":{"display_name":"redme","author_link":"https:\/\/www.messinaoggi.it\/website\/author\/redme\/"},"digistream_id":0,"digistream":false,"_links":{"self":[{"href":"https:\/\/www.messinaoggi.it\/website\/wp-json\/wp\/v2\/posts\/65852"}],"collection":[{"href":"https:\/\/www.messinaoggi.it\/website\/wp-json\/wp\/v2\/posts"}],"about":[{"href":"https:\/\/www.messinaoggi.it\/website\/wp-json\/wp\/v2\/types\/post"}],"author":[{"embeddable":true,"href":"https:\/\/www.messinaoggi.it\/website\/wp-json\/wp\/v2\/users\/4"}],"replies":[{"embeddable":true,"href":"https:\/\/www.messinaoggi.it\/website\/wp-json\/wp\/v2\/comments?post=65852"}],"version-history":[{"count":1,"href":"https:\/\/www.messinaoggi.it\/website\/wp-json\/wp\/v2\/posts\/65852\/revisions"}],"predecessor-version":[{"id":65868,"href":"https:\/\/www.messinaoggi.it\/website\/wp-json\/wp\/v2\/posts\/65852\/revisions\/65868"}],"wp:featuredmedia":[{"embeddable":true,"href":"https:\/\/www.messinaoggi.it\/website\/wp-json\/wp\/v2\/media\/65853"}],"wp:attachment":[{"href":"https:\/\/www.messinaoggi.it\/website\/wp-json\/wp\/v2\/media?parent=65852"}],"wp:term":[{"taxonomy":"category","embeddable":true,"href":"https:\/\/www.messinaoggi.it\/website\/wp-json\/wp\/v2\/categories?post=65852"},{"taxonomy":"post_tag","embeddable":true,"href":"https:\/\/www.messinaoggi.it\/website\/wp-json\/wp\/v2\/tags?post=65852"}],"curies":[{"name":"wp","href":"https:\/\/api.w.org\/{rel}","templated":true}]}}