{"id":65756,"date":"2021-05-24T10:19:56","date_gmt":"2021-05-24T08:19:56","guid":{"rendered":"http:\/\/www.messinaoggi.it\/website\/?p=65756"},"modified":"2021-05-24T10:20:01","modified_gmt":"2021-05-24T08:20:01","slug":"viale-della-liberta-scontro-tra-auto-e-moto","status":"publish","type":"post","link":"https:\/\/www.messinaoggi.it\/website\/2021\/05\/24\/viale-della-liberta-scontro-tra-auto-e-moto\/","title":{"rendered":"Viale della Libert\u00e0, scontro tra auto e moto"},"content":{"rendered":"\n<p>Incidente questa mattina in citt\u00e0. All&#8217;incrocio tra Giostra e viale della Libert\u00e0 si \u00e8 verificato uno scontro tra un&#8217;auto e una moto<div id=\"div-gpt-ad-Messinaoggi.it-DSK-300x250-corpoart\" style=\"text-align:center;margin:0 auto;\"><\/div><\/p>\n\n\n\n<p>Il sinistro si \u00e8 verificato alle 8 e, vista l&#8217;ora di punta, ha dato luogo a delle vistose code nel tratto interessato dall&#8217;incidente.<div id=\"videoincontent\" style=\"clear:both\";><\/div><\/p>\n\n\n\n<p>In ogni caso nessuna grave conseguenza per il centauro, n\u00e9 per il conducente dell&#8217;auto.<\/p>\n\n\n\n<p>Sul posto la sezione infortunistica della Municipale per i rilievi e stabilire l&#8217;esatta dinamica dello scontro frontale.<\/p>\n","protected":false},"excerpt":{"rendered":"<p>Incidente questa mattina in citt\u00e0. All&#8217;incrocio tra Giostra e viale della Libert\u00e0 si \u00e8 verificato uno scontro tra un&#8217;auto e una moto Il sinistro si \u00e8 verificato alle 8 e, vista l&#8217;ora di punta, ha dato luogo a delle vistose code nel tratto interessato dall&#8217;incidente. In ogni caso nessuna grave conseguenza per il centauro, n\u00e9 [&hellip;]<\/p>\n","protected":false},"author":8,"featured_media":65759,"comment_status":"open","ping_status":"open","sticky":false,"template":"","format":"standard","meta":{"ub_ctt_via":"","_mi_skip_tracking":false},"categories":[5],"tags":[249,74],"featured_image_src":"https:\/\/www.messinaoggi.it\/website\/wp-content\/uploads\/2021\/05\/IMG-20210524-WA0007.jpg","author_info":{"display_name":"red..me","author_link":"https:\/\/www.messinaoggi.it\/website\/author\/redstage\/"},"digistream_id":0,"digistream":false,"_links":{"self":[{"href":"https:\/\/www.messinaoggi.it\/website\/wp-json\/wp\/v2\/posts\/65756"}],"collection":[{"href":"https:\/\/www.messinaoggi.it\/website\/wp-json\/wp\/v2\/posts"}],"about":[{"href":"https:\/\/www.messinaoggi.it\/website\/wp-json\/wp\/v2\/types\/post"}],"author":[{"embeddable":true,"href":"https:\/\/www.messinaoggi.it\/website\/wp-json\/wp\/v2\/users\/8"}],"replies":[{"embeddable":true,"href":"https:\/\/www.messinaoggi.it\/website\/wp-json\/wp\/v2\/comments?post=65756"}],"version-history":[{"count":1,"href":"https:\/\/www.messinaoggi.it\/website\/wp-json\/wp\/v2\/posts\/65756\/revisions"}],"predecessor-version":[{"id":65760,"href":"https:\/\/www.messinaoggi.it\/website\/wp-json\/wp\/v2\/posts\/65756\/revisions\/65760"}],"wp:featuredmedia":[{"embeddable":true,"href":"https:\/\/www.messinaoggi.it\/website\/wp-json\/wp\/v2\/media\/65759"}],"wp:attachment":[{"href":"https:\/\/www.messinaoggi.it\/website\/wp-json\/wp\/v2\/media?parent=65756"}],"wp:term":[{"taxonomy":"category","embeddable":true,"href":"https:\/\/www.messinaoggi.it\/website\/wp-json\/wp\/v2\/categories?post=65756"},{"taxonomy":"post_tag","embeddable":true,"href":"https:\/\/www.messinaoggi.it\/website\/wp-json\/wp\/v2\/tags?post=65756"}],"curies":[{"name":"wp","href":"https:\/\/api.w.org\/{rel}","templated":true}]}}