{"id":65722,"date":"2021-05-23T19:42:26","date_gmt":"2021-05-23T17:42:26","guid":{"rendered":"http:\/\/www.messinaoggi.it\/website\/?p=65722"},"modified":"2021-05-23T20:18:11","modified_gmt":"2021-05-23T18:18:11","slug":"pianta-organica-papardo-le-preoccupazioni-di-uil-e-uil-fpl","status":"publish","type":"post","link":"https:\/\/www.messinaoggi.it\/website\/2021\/05\/23\/pianta-organica-papardo-le-preoccupazioni-di-uil-e-uil-fpl\/","title":{"rendered":"Pianta organica Papardo, le preoccupazioni di Uil e Uil Fpl"},"content":{"rendered":"\n<p>\u201cLa Uil e la Uil Fpl di Messina esprimono fortissime preoccupazioni in merito alle notizie che pervengono dall\u2019assessorato regionale alla Salute riguardanti la bocciatura della Dotazione organica e del Piano triennale del fabbisogno del personale dell&#8217;A.O. Papardo. Tale scellerata determinazione sembrerebbe rappresentare un cinico disegno politico che, partendo da molto lontano, punta a declassare la prestigiosa Azienda Ospedaliera della citt\u00e0 di Messina con grave danno e nocumento per la collettivit\u00e0 e per i lavoratori della struttura\u201d lo hanno dichiarato Ivan Tripodi, segretario generale Uil Messina, Giuseppe Calapai, segretario generale Uil Fpl, Corrado Lamanna, coord.re prov.le Area Medica Uil Fpl, e Livio Andronico, segretario aziendale Uil Fpl.<div id=\"div-gpt-ad-Messinaoggi.it-DSK-300x250-corpoart\" style=\"text-align:center;margin:0 auto;\"><\/div><\/p>\n\n\n\n<p>\u201cNessuno deve dimenticare che l\u2019A.O. Papardo era stata classificata DEA di secondo livello, ma la politica sanitaria declass\u00f2 tale azienda a DEA di primo livello, mortificando diverse unit\u00e0 operative, quali ad esempio malattie infettive, neurochirurgia, oculistica, chirurgia vascolare e chirurgia plastica che da strutture complesse furono declassate in Strutture Semplici dipartimentali, tutto avvenuto in violazione della legge Balduzzi. Non bisogna inoltre dimenticare che la provincia di Messina ha avuto riconosciuto un solo DEA di secondo livello, a differenza della citt\u00e0 di Catania che ne ha avute classificate ben tre. Pertanto, l\u2019ulteriore ingiusto ed ingiustificato schiaffo sferrato nei confronti dell\u2019Azienda Papardo non pu\u00f2 in nessun modo passare inosservato o derubricato ad atto di normale amministrazione\u201d hanno proseguito Tripodi, Calapai, Lamanna e Andronico.<div id=\"videoincontent\" style=\"clear:both\";><\/div><\/p>\n\n\n\n<p>\u201cFra l\u2019altro, si appalesa la totale mancanza di un doveroso riconoscimento rispetto all\u2019importante ruolo che il presidio ospedaliero Papardo ha rivestito contro la lotta alla pandemia causata dalla Sars Covid 19. Tutto il personale sanitario coinvolto si \u00e8 adoperato con grande abnegazione e professionalit\u00e0 garantendo la piena funzionalit\u00e0 di otto posti di terapia intensiva, nonch\u00e9 le degenze nei reparti di malattie infettive e di pneumologia Covid sub-intensiva, dove sono stati ospedalizzati anche pazienti provenienti dalle altre province della Regione Sicilia. Contestualmente sono state garantite tutte le altre specialit\u00e0 di area medica e chirurgica di emergenza, senza nessuna riduzione dei posti letto. Vi \u00e8, inoltre, la possibilit\u00e0 di attivare nuovi posti letto che incrementeranno quelli gi\u00e0 esistenti nelle Strutture Complesse: l\u2019imminente attivazione dei nuovi posti letto sta avvenendo senza che nessuno si preoccupi di quanti medici, infermieri, OSS ed ausiliari serviranno per farne fronte. Tutto ci\u00f2 rappresenta fonte di ulteriore preoccupazione per i lavoratori del Papardo\u201d hanno continuato i sindacalisti della Uil.<\/p>\n\n\n\n<p>\u201cMessina non pu\u00f2 subire questa nuova mortificazione attraverso il drastico taglio di servizi sanitari e di posti di lavoro. La UIL e la UIL FPL di Messina non ci stanno, dicono basta ed avvieranno insieme alle forze sociali e alle forze politiche disponibili e di buona volont\u00e0, tutta una serie di iniziative finalizzate a difendere e salvare l\u2019esistenza dell\u2019Azienda Ospedaliera Papardo\u201d hanno concluso Ivan Tripodi, segretario generale Uil Messina, Giuseppe Calapai, Segretario generale Uil Fpl, Corrado Lamanna, coord.re prov.le Area Medica Uil Fpl, e Livio Andronico, segretario aziendale Uil Fpl.<\/p>\n","protected":false},"excerpt":{"rendered":"<p>\u201cLa Uil e la Uil Fpl di Messina esprimono fortissime preoccupazioni in merito alle notizie che pervengono dall\u2019assessorato regionale alla Salute riguardanti la bocciatura della Dotazione organica e del Piano triennale del fabbisogno del personale dell&#8217;A.O. Papardo. Tale scellerata determinazione sembrerebbe rappresentare un cinico disegno politico che, partendo da molto lontano, punta a declassare la [&hellip;]<\/p>\n","protected":false},"author":4,"featured_media":44334,"comment_status":"open","ping_status":"open","sticky":false,"template":"","format":"standard","meta":{"ub_ctt_via":"","_mi_skip_tracking":false},"categories":[6],"tags":[1168],"featured_image_src":"https:\/\/www.messinaoggi.it\/website\/wp-content\/uploads\/2020\/06\/papardo-2.jpg","author_info":{"display_name":"redme","author_link":"https:\/\/www.messinaoggi.it\/website\/author\/redme\/"},"digistream_id":0,"digistream":false,"_links":{"self":[{"href":"https:\/\/www.messinaoggi.it\/website\/wp-json\/wp\/v2\/posts\/65722"}],"collection":[{"href":"https:\/\/www.messinaoggi.it\/website\/wp-json\/wp\/v2\/posts"}],"about":[{"href":"https:\/\/www.messinaoggi.it\/website\/wp-json\/wp\/v2\/types\/post"}],"author":[{"embeddable":true,"href":"https:\/\/www.messinaoggi.it\/website\/wp-json\/wp\/v2\/users\/4"}],"replies":[{"embeddable":true,"href":"https:\/\/www.messinaoggi.it\/website\/wp-json\/wp\/v2\/comments?post=65722"}],"version-history":[{"count":1,"href":"https:\/\/www.messinaoggi.it\/website\/wp-json\/wp\/v2\/posts\/65722\/revisions"}],"predecessor-version":[{"id":65723,"href":"https:\/\/www.messinaoggi.it\/website\/wp-json\/wp\/v2\/posts\/65722\/revisions\/65723"}],"wp:featuredmedia":[{"embeddable":true,"href":"https:\/\/www.messinaoggi.it\/website\/wp-json\/wp\/v2\/media\/44334"}],"wp:attachment":[{"href":"https:\/\/www.messinaoggi.it\/website\/wp-json\/wp\/v2\/media?parent=65722"}],"wp:term":[{"taxonomy":"category","embeddable":true,"href":"https:\/\/www.messinaoggi.it\/website\/wp-json\/wp\/v2\/categories?post=65722"},{"taxonomy":"post_tag","embeddable":true,"href":"https:\/\/www.messinaoggi.it\/website\/wp-json\/wp\/v2\/tags?post=65722"}],"curies":[{"name":"wp","href":"https:\/\/api.w.org\/{rel}","templated":true}]}}