{"id":65543,"date":"2021-05-22T12:07:31","date_gmt":"2021-05-22T10:07:31","guid":{"rendered":"https:\/\/www.messinaoggi.it\/website\/2021\/05\/22\/fonseca-vogliamo-leuropa-un-orgoglio-allenare-la-roma\/"},"modified":"2021-05-22T12:45:20","modified_gmt":"2021-05-22T10:45:20","slug":"fonseca-vogliamo-leuropa-un-orgoglio-allenare-la-roma","status":"publish","type":"post","link":"https:\/\/www.messinaoggi.it\/website\/2021\/05\/22\/fonseca-vogliamo-leuropa-un-orgoglio-allenare-la-roma\/","title":{"rendered":"Fonseca \u201cVogliamo l\u2019Europa, un orgoglio allenare la Roma\u201d"},"content":{"rendered":"<div>ROMA (ITALPRESS) &#8211; &#8220;Ci siamo allenati bene in settimana, i giocatori sono motivati e c&#8217;\u00e8 la consapevolezza dell&#8217;importanza della vittoria e della qualificazione in Conference League. Siamo preparati per fare una buona partita&#8221;. Queste le dichiarazioni di Paulo Fonseca alla vigilia di Spezia-Roma, match conclusivo di una stagione che i giallorossi vogliono chiudere al settimo posto. E sui prossimi avversari: &#8220;Giocano un grande calcio, vogliono sempre avere l&#8217;iniziativa e hanno un grande allenatore come Italiano che avr\u00e0 un buon futuro. Mi aspetto un avversario difficile&#8221;. Probabile nuova chance per Darboe: &#8220;E&#8217; un ragazzo molto coraggioso, \u00e8 la qualit\u00e0 che pi\u00f9 mi ha colpito&#8221;.<br \/>E&#8217; l&#8217;ultima di campionato e quindi anche tempo di bilanci di un&#8217;avventura che si chiuder\u00e0 domani. &#8220;Per me \u00e8 stato un grande orgoglio essere stato l&#8217;allenatore della Roma. La relazione con le persone che lavorano a Trigoria e con i tifosi \u00e8 l&#8217;aspetto pi\u00f9 bello di questa esperienza. C&#8217;\u00e8 stato grande rispetto: i risultati sono importanti ma anche questo rapporto con le persone \u00e8 fondamentale&#8221;. Un&#8217;avventura segnata anche dal rapporto difficile con Dzeko. Ma per il portoghese la decisione di togliere la fascia da capitano al bosniaco non ha condizionato la sua stagione: &#8220;Ci sono situazioni del genere in tutte le squadre, con l&#8217;ultima partita Dzeko ha dimostrato che \u00e8 tutto risolto. La problematica \u00e8 chiusa&#8221;.<br \/>(ITALPRESS).<\/div>\n<div id=\"div-gpt-ad-Messinaoggi.it-DSK-300x250-corpoart\" style=\"text-align:center;margin:0 auto;\"><\/div><\/p><div id=\"videoincontent\" style=\"clear:both\";><\/div>","protected":false},"excerpt":{"rendered":"<p>ROMA (ITALPRESS) &#8211; &#8220;Ci siamo allenati bene in settimana, i giocatori sono motivati e c&#8217;\u00e8 la consapevolezza dell&#8217;importanza della vittoria e della qualificazione in Conference League. Siamo preparati per fare una buona partita&#8221;. Queste le dichiarazioni di Paulo Fonseca alla vigilia di Spezia-Roma, match conclusivo di una stagione che i giallorossi vogliono chiudere al settimo [&hellip;]<\/p>\n","protected":false},"author":18,"featured_media":65544,"comment_status":"closed","ping_status":"closed","sticky":false,"template":"","format":"standard","meta":{"ub_ctt_via":"","_mi_skip_tracking":false},"categories":[10,446,9],"tags":[783],"featured_image_src":"https:\/\/www.messinaoggi.it\/website\/wp-content\/uploads\/2021\/05\/20210522_0597.jpg","author_info":{"display_name":"Admin","author_link":"https:\/\/www.messinaoggi.it\/website\/author\/admin\/"},"digistream_id":0,"digistream":false,"_links":{"self":[{"href":"https:\/\/www.messinaoggi.it\/website\/wp-json\/wp\/v2\/posts\/65543"}],"collection":[{"href":"https:\/\/www.messinaoggi.it\/website\/wp-json\/wp\/v2\/posts"}],"about":[{"href":"https:\/\/www.messinaoggi.it\/website\/wp-json\/wp\/v2\/types\/post"}],"author":[{"embeddable":true,"href":"https:\/\/www.messinaoggi.it\/website\/wp-json\/wp\/v2\/users\/18"}],"replies":[{"embeddable":true,"href":"https:\/\/www.messinaoggi.it\/website\/wp-json\/wp\/v2\/comments?post=65543"}],"version-history":[{"count":1,"href":"https:\/\/www.messinaoggi.it\/website\/wp-json\/wp\/v2\/posts\/65543\/revisions"}],"predecessor-version":[{"id":65552,"href":"https:\/\/www.messinaoggi.it\/website\/wp-json\/wp\/v2\/posts\/65543\/revisions\/65552"}],"wp:featuredmedia":[{"embeddable":true,"href":"https:\/\/www.messinaoggi.it\/website\/wp-json\/wp\/v2\/media\/65544"}],"wp:attachment":[{"href":"https:\/\/www.messinaoggi.it\/website\/wp-json\/wp\/v2\/media?parent=65543"}],"wp:term":[{"taxonomy":"category","embeddable":true,"href":"https:\/\/www.messinaoggi.it\/website\/wp-json\/wp\/v2\/categories?post=65543"},{"taxonomy":"post_tag","embeddable":true,"href":"https:\/\/www.messinaoggi.it\/website\/wp-json\/wp\/v2\/tags?post=65543"}],"curies":[{"name":"wp","href":"https:\/\/api.w.org\/{rel}","templated":true}]}}