{"id":65539,"date":"2021-05-22T11:34:55","date_gmt":"2021-05-22T09:34:55","guid":{"rendered":"http:\/\/www.messinaoggi.it\/website\/?p=65539"},"modified":"2021-05-22T11:34:56","modified_gmt":"2021-05-22T09:34:56","slug":"ct-intitolate-a-elio-matacena-e-giuseppe-franza-le-aule-del-politecnico-del-mare-di-catania","status":"publish","type":"post","link":"https:\/\/www.messinaoggi.it\/website\/2021\/05\/22\/ct-intitolate-a-elio-matacena-e-giuseppe-franza-le-aule-del-politecnico-del-mare-di-catania\/","title":{"rendered":"C&amp;T, intitolate a Elio Matacena e Giuseppe Franza le aule del Politecnico del Mare di Catania"},"content":{"rendered":"\n<p>Eccellenza, opportunit\u00e0 e voglia di mettersi in gioco per accettare sfide sempre pi\u00f9 grandi ed impegnative. Di tutto questo e di molto altro ancora si \u00e8 parlato nel corso di \u201cIn Fondo al Mare&#8230;un oceano di grandi opportunit\u00e0\u201d, cerimonia organizzata dall\u2019I.S.I.S. Politecnico del Mare \u201cDuca degli Abruzzi\u201d di Catania durante la quale si \u00e8 celebrata l\u2019inaugurazione dell\u2019area dell\u2019Istituto intitolata a Elio Matacena e Giuseppe Franza, padri fondatori di quella che \u00e8 oggi la Caronte &amp; Tourist.<div id=\"div-gpt-ad-Messinaoggi.it-DSK-300x250-corpoart\" style=\"text-align:center;margin:0 auto;\"><\/div><\/p>\n\n\n\n<p>Un omaggio che la dirigenza ha voluto rivolgere a due personalit\u00e0 che, seppur non natie di Catania, hanno posto le basi per fare la differenza nel meridione e i quali valori e l\u2019attenzione alle persone e al mare si respira ancora oggi.\u00a0 \u201cSi tratta di un gesto doveroso nei confronti di una compagnia a cui noi siamo molto legati &#8211; ha spiegato la dirigente scolastica Brigida Morsellino &#8211; con loro, e con tutti i nostri partner, lavoriamo con la convinzione di poter dare a questi ragazzi prospettive, obiettivi, giuste ambizioni e la possibilit\u00e0 di non smettere di sognare e di credere in tutto ci\u00f2 che fanno per il loro futuro\u201d.<div id=\"videoincontent\" style=\"clear:both\";><\/div><\/p>\n\n\n\n<figure class=\"wp-block-image size-large\"><img loading=\"lazy\" width=\"1024\" height=\"678\" src=\"http:\/\/www.messinaoggi.it\/website\/wp-content\/uploads\/2021\/05\/index-1-1024x678.jpg\" alt=\"\" class=\"wp-image-65541\" srcset=\"https:\/\/www.messinaoggi.it\/website\/wp-content\/uploads\/2021\/05\/index-1-1024x678.jpg 1024w, https:\/\/www.messinaoggi.it\/website\/wp-content\/uploads\/2021\/05\/index-1-300x199.jpg 300w, https:\/\/www.messinaoggi.it\/website\/wp-content\/uploads\/2021\/05\/index-1-768x509.jpg 768w, https:\/\/www.messinaoggi.it\/website\/wp-content\/uploads\/2021\/05\/index-1-1536x1017.jpg 1536w, https:\/\/www.messinaoggi.it\/website\/wp-content\/uploads\/2021\/05\/index-1-100x65.jpg 100w, https:\/\/www.messinaoggi.it\/website\/wp-content\/uploads\/2021\/05\/index-1.jpg 2048w\" sizes=\"(max-width: 1024px) 100vw, 1024px\" \/><\/figure>\n\n\n\n<p>Prima della cerimonia d\u2019inaugurazione sono stati consegnati gli attestati del primo stage archeologico subacqueo \u201cSebastiano Tusa\u201d, un\u2019iniziativa unica nel suo genere che ha come obiettivo quello formare future guide turistiche e operatori tecnici subacquei, gi\u00e0 a partire dal percorso scolastico.<\/p>\n\n\n\n<p>Nella seconda parte dell\u2019evento sono intervenuti gli amministratori delegati Lorenzo Matacena e Vincenzo Franza, ospiti d\u2019onore della cerimonia insieme ad altre autorit\u00e0 come l\u2019assessore alle infrastrutture e alla mobilit\u00e0 della regione Sicilia Marco Falcone, con il quale il Gruppo &#8211; si \u00e8 sottolineato nel corso della mattinata &#8211; sta cooperando per la realizzazione di una flotta pensata per il traghettamento verso le isole minori, all\u2019interno del contratto integrativo regionale.<\/p>\n\n\n\n<p>A tal proposito, Vincenzo Franza, rivolgendosi alla folta platea di studenti: \u201cAbbiamo grandi progetti per il futuro. Quando investiamo sulle giovani generazioni, investiamo di fatto anche sulla nostra azienda. Il desiderio \u00e8 quello di vedervi sulle nostre navi e ce la stiamo mettendo tutta anche per darvi imbarcazioni all\u2019avanguardia che voi, attraverso lo studio, saprete essere capaci di comandare\u201d.<\/p>\n","protected":false},"excerpt":{"rendered":"<p>Eccellenza, opportunit\u00e0 e voglia di mettersi in gioco per accettare sfide sempre pi\u00f9 grandi ed impegnative. Di tutto questo e di molto altro ancora si \u00e8 parlato nel corso di \u201cIn Fondo al Mare&#8230;un oceano di grandi opportunit\u00e0\u201d, cerimonia organizzata dall\u2019I.S.I.S. Politecnico del Mare \u201cDuca degli Abruzzi\u201d di Catania durante la quale si \u00e8 celebrata [&hellip;]<\/p>\n","protected":false},"author":8,"featured_media":65540,"comment_status":"open","ping_status":"open","sticky":false,"template":"","format":"standard","meta":{"ub_ctt_via":"","_mi_skip_tracking":false},"categories":[5],"tags":[456,1956,1957,1955],"featured_image_src":"https:\/\/www.messinaoggi.it\/website\/wp-content\/uploads\/2021\/05\/index2-2.jpg","author_info":{"display_name":"red..me","author_link":"https:\/\/www.messinaoggi.it\/website\/author\/redstage\/"},"digistream_id":0,"digistream":false,"_links":{"self":[{"href":"https:\/\/www.messinaoggi.it\/website\/wp-json\/wp\/v2\/posts\/65539"}],"collection":[{"href":"https:\/\/www.messinaoggi.it\/website\/wp-json\/wp\/v2\/posts"}],"about":[{"href":"https:\/\/www.messinaoggi.it\/website\/wp-json\/wp\/v2\/types\/post"}],"author":[{"embeddable":true,"href":"https:\/\/www.messinaoggi.it\/website\/wp-json\/wp\/v2\/users\/8"}],"replies":[{"embeddable":true,"href":"https:\/\/www.messinaoggi.it\/website\/wp-json\/wp\/v2\/comments?post=65539"}],"version-history":[{"count":1,"href":"https:\/\/www.messinaoggi.it\/website\/wp-json\/wp\/v2\/posts\/65539\/revisions"}],"predecessor-version":[{"id":65542,"href":"https:\/\/www.messinaoggi.it\/website\/wp-json\/wp\/v2\/posts\/65539\/revisions\/65542"}],"wp:featuredmedia":[{"embeddable":true,"href":"https:\/\/www.messinaoggi.it\/website\/wp-json\/wp\/v2\/media\/65540"}],"wp:attachment":[{"href":"https:\/\/www.messinaoggi.it\/website\/wp-json\/wp\/v2\/media?parent=65539"}],"wp:term":[{"taxonomy":"category","embeddable":true,"href":"https:\/\/www.messinaoggi.it\/website\/wp-json\/wp\/v2\/categories?post=65539"},{"taxonomy":"post_tag","embeddable":true,"href":"https:\/\/www.messinaoggi.it\/website\/wp-json\/wp\/v2\/tags?post=65539"}],"curies":[{"name":"wp","href":"https:\/\/api.w.org\/{rel}","templated":true}]}}