{"id":6543,"date":"2017-08-17T23:01:00","date_gmt":"2017-08-17T21:01:00","guid":{"rendered":"http:\/\/www.messinaoggi.it\/website\/?p=6543"},"modified":"2017-08-17T23:01:00","modified_gmt":"2017-08-17T21:01:00","slug":"il-pistunina-alza-il-sipario-allhotel-europa-obiettivo-riscatto-in-eccellenza","status":"publish","type":"post","link":"https:\/\/www.messinaoggi.it\/website\/2017\/08\/17\/il-pistunina-alza-il-sipario-allhotel-europa-obiettivo-riscatto-in-eccellenza\/","title":{"rendered":"Il Pistunina alza il sipario all&#039;Hotel Europa: obiettivo riscatto in Eccellenza"},"content":{"rendered":"<p style=\"text-align: justify\">Grande voglia di riscattare l&#8217;ultima balorda retrocessione, che brucia ancora sotto svariati aspetti, per mantenere sul campo il torneo calcistico di Eccellenza riconquistato tramite ripescaggio. E&#8217; quanto emerso durante la presentazione dell&#8217;<strong>Usd Pistunina<\/strong> edizione <strong>2017\/18<\/strong>, ospitata nel tardo pomeriggio nella sala Vulcano dell&#8217;Hotel Europa. A fare da &#8220;Cicerone&#8221; il direttore sportivo <strong>Raimondo Mortelliti<\/strong> il quale, dopo le classiche foto di rito con le nuove divise a dirigenti, staff tecnico (l&#8217;ultima &#8220;new entry&#8221; in ordine cronologico\u00a0\u00e8 il preparatore dei portieri Antonio Gambadoro) e ai nuovi giocatori (presenti tra loro i vari Precious Ghartey, Sylla, Chiglien, Fonti, Lo Giudice, Scarf\u00ec e Alessio Mento, ma trattative sono in corso anche con\u00a0Simone\u00a0D&#8217;Angelo dell&#8217;Igea, Arena classe &#8217;99\u00a0del Camaro,\u00a0Tomarchio e Franchina, rispettivamente ex Acireale e Citt\u00e0 di S.Agata), ha intanto introdotto l&#8217;evento: &#8220;<em>Abbiamo voluto di nuovo l&#8217;Eccellenza, in primis il presidente e poi anche gli altri dirigenti, perch\u00e9 secondo noi l&#8217;anno scorso ci \u00e8 stata &#8220;scippata&#8221; sul campo, diciamo cos\u00ec, dalla sorte. Noi ci possiamo stare bene, per cui forti dell&#8217;ultima esperienza ci rifaremo cercando, con l&#8217;aiuto del mister, di mantenere la categoria. La squadra sar\u00e0 rinforzata, con le 5 sostituzioni ci vorranno almeno sedici ragazzi a partita, per cui occorrer\u00e0 un buon organico&#8221;.<\/em><div id=\"div-gpt-ad-Messinaoggi.it-DSK-300x250-corpoart\" style=\"text-align:center;margin:0 auto;\"><\/div><\/p>\n<p style=\"text-align: justify\">Poi la parola passa al presidente <strong>Salvatore Velardo<\/strong>: &#8220;<em>Siamo ripartiti dall&#8217;Eccellenza perch\u00e9, purtroppo per gli altri, noi siamo il Pistunina e ci\u00f2 che abbiamo fatto nel corso degli anni non riusciamo a cancellarlo, n\u00e8 noi n\u00e8 tantomeno gli altri. Ero sul punto di abbandonare tutto non tanto per l&#8217;aver perso la categoria, quanto soprattutto per il mancato mantenimento dell&#8217;impegno umano preso con noi lo scorso anno da parte di certe persone. Noi, in quanto dilettanti, investiamo molto sulle persone e quando viene a mancare la fiducia le batoste si sentono ma, dopo aver sentito Giovanni Capone che mi aiuta da sempre e la mia famiglia, abbiamo deciso di riprendere quest&#8217;attivit\u00e0. Ringrazio chi mi supporta e soprattutto mi sopporta, perch\u00e9 capisco che non \u00e8 facile sopportarmi. Il Pistunina \u00e8 piccolo, ma al tempo stesso \u00e8 sempre stato grande in queste nuove imprese. In bocca al lupo a nuovi e soprattutto ai vecchi giocatori, affinch\u00e9 abbiano quantomeno l&#8217;orgoglio di riscattare la precedente stagione. Auguro buon lavoro al mister, al quale stiamo cercando di attrezzare una squadra quantomeno competitiva.<\/em><div id=\"videoincontent\" style=\"clear:both\";><\/div><\/p>\n<p style=\"text-align: justify\">Di pochissime parole \u00e8 il vice-presidente <strong>Giovanni Capone<\/strong>: &#8220;<em>Grazie al presidente per le belle parole nei miei confronti, non solo quelle di oggi ma anche per quelle che ho letto su social. Sono contento di far parte di questa societ\u00e0 da due anni a questa parte. Resto convinto che allenatore e giocatori s&#8217;impegneranno al massimo.<\/em><\/p>\n<div id=\"attachment_6546\" style=\"width: 310px\" class=\"wp-caption alignleft\"><img aria-describedby=\"caption-attachment-6546\" loading=\"lazy\" class=\"size-medium wp-image-6546\" src=\"http:\/\/www.messinaoggi.it\/website\/wp-content\/uploads\/2017\/08\/DSCF7124-300x225.jpg\" alt=\"\" width=\"300\" height=\"225\" \/><p id=\"caption-attachment-6546\" class=\"wp-caption-text\">Sylla, Mortelliti e Ghartey (Foto Roberto Santoro)<\/p><\/div>\n<p style=\"text-align: justify\">Poi tocca al mister <strong>Ezio Raciti<\/strong>: <em>&#8220;Questa \u00e8 una societ\u00e0 storica calcisticamente parlando, ma sana e giovane nello spirito e nella categoria, visto che \u00e8 solo al secondo anno di Eccellenza ma ha tutte le intenzioni di stabilizzarsi per cercare, in un futuro prossimo, di ottenere qualcosa pi\u00f9. Occorrer\u00e0 Lavorare tanto sul campo, perch\u00e9 ci\u00f2 paga sempre, e programmare un obiettivo comune tutti assieme: giocatori, staff tecnico e societ\u00e0. Ai giocatori chiedo tanta voglia e grandi sacrifici. Fino ad oggi sono stato corrisposto nel desiderio e nell&#8217;impegno. Auspico che la stagione vada bene, per cui rivolgo un &#8220;in bocca al lupo&#8221; a tutti noi che facciamo parte di questo club<\/em>.<\/p>\n<p style=\"text-align: justify\"><strong>Mister, quale Eccellenza prevede dopo l&#8217;emorragia estiva di club?<\/strong><\/p>\n<p style=\"text-align: justify\"><em>&#8220;La Lega ha puntato sui ripescaggi di squadre che da parecchio tempo non facevano pi\u00f9 l&#8217;Eccellenza, perch\u00e9 spera in quell&#8217;entusiasmo che permetta di dar vita a un campionato senza quei ritiri a stagione in corso e quelle squadre materasso che finiscono per falsarlo. Sar\u00e0 un campionato di Eccellenza tosto, difficile e indecifrabile, le cinque sostituzioni possono essere determinanti e richiederanno un organico completo e numeroso. Un campionato diviso in due tronconi, tra chi punter\u00e0 al vertice e chi cercher\u00e0 di mantenere la categoria. Noi saremo tra quelli che lotteranno per salvarsi e possibilmente evitando i play-out Vorremmo fare una squadra giovane con le basi per guardare alle prossime stagioni. Se si pu\u00f2 intraprendere un discorso pluriennale col Pistunina? Quando si ha a che fare con una societ\u00e0 seria, solida e con le idee chiare, bisogna sempre guardare avanti senza fermarsi alla singola stagione. Il Pistunina ha gi\u00e0 fatto l&#8217;Eccellenza nella scorsa annata, rendendosi conto del tipo di campionato e perci\u00f2 sa cosa fare per rimanerci&#8221;.<\/em><\/p>\n<p style=\"text-align: justify\"><strong>Quale tipologia di squadra intende plasmare?<\/strong><\/p>\n<p style=\"text-align: justify\"><em>&#8220;Voglio una squadra di carattere e in grado di lottare su tutti i palloni, in possesso di entrambi i tempi di gioco: massima aggressivit\u00e0 nella fase di non possesso, massima lucidit\u00e0 in fase di possesso. Se riusciremo a svilupparli nel migliore dei modi, avr\u00e0 poca importanza chi andremo ad affrontare. Se la Coppa Italia col Camaro sar\u00e0 un rodaggio? S\u00ec, ma se lo fai in modo passivo da&#8217; fastidio. Pertanto dovremo essere gi\u00e0 pronti per affrontarlo nel modo giusto. La societ\u00e0 e il direttore sportivo si stanno impegnando per trovare gli elementi giusti al pi\u00f9 preso possibile&#8221;<\/em>.<\/p>\n<p style=\"text-align: justify\">Al diesse Mortelliti viene poi chiesto come \u00e8 maturata la scelta di un allenatore (e\u00a0anche di\u00a0qualche giocatori)\u00a0provenienti\u00a0dalla provincia etnea, da parte di un club abituato a puntare quasi esclusivamente su persone della\u00a0zona messinese\u00a0(uniche eccezioni, prima di Raciti, i calciatori Santo Torre e Giulio Nirelli): &#8220;<em>Il mister non \u00e8 l&#8217;ultimo arrivato, vedi i suoi trascorsi da giocatori con Inter e Napoli e da allenatore del Catania. La sua storia calcistica parla di un grande professionista tra i migliori nel proprio campo. Non lo conoscevo di persona ma solo di fama, ce l&#8217;ha presentato lo scorso anno il nostro dirigente Aldo Grezzo. Dopo l&#8217;iniziale scelta di Ciccio Romeo, che \u00e8 dovuto andare via, ci siamo buttati a capofitto su di lui&#8221;.<\/em><\/p>\n<div id=\"attachment_6548\" style=\"width: 310px\" class=\"wp-caption alignleft\"><img aria-describedby=\"caption-attachment-6548\" loading=\"lazy\" class=\"size-medium wp-image-6548\" src=\"http:\/\/www.messinaoggi.it\/website\/wp-content\/uploads\/2017\/08\/MVI_3185_0617-300x169.jpg\" alt=\"\" width=\"300\" height=\"169\" \/><p id=\"caption-attachment-6548\" class=\"wp-caption-text\">Raciti e Capitan Caldore (Foto Roberto Santoro)<\/p><\/div>\n<p style=\"text-align: justify\">Dulcis in fundo, il capitano <strong>Sebastian Caldore<\/strong> che batte ancora sul tasto dolente della passata stagione:<em> &#8220;Arriviamo da un anno brutto per noi, con tanta sfortuna. Perci\u00f2 vogliamo far bene, non sar\u00e0 facile ma abbiamo grande voglia di riscatto partendo subito nel migliore dei modi. Mi \u00e8 un po&#8217; dispiaciuto dover sentire sul campo certe frasi dette da qualcuno che non ha mai giocato a calcio. Quando prendo un impegno, io sono abituato a mantenerlo sino alla fine. La societ\u00e0 ha mantenuto il proprio impegno con me, e io qui sto bene. Le idee per quest&#8217;anno sono positive, e con una base molto pi\u00f9 solida. E&#8217; stato preso un mister che gi\u00e0 in allenamento si vede quanto sia preparato, per il modo in cui ci spiega tante cose. Sta a noi saper applicare certi concetti, ma se arriva qualche altro rinforzo ce la possiamo giocare con tutti&#8221;. <\/em><\/p>\n<p style=\"text-align: justify\"><span style=\"font-family: 'times new roman' , 'serif'\">Definito infine il calendario delle prossime amichevoli: in pratica si giocher\u00e0, tutti i giorni da domani a domenica, segno che il trainer Ezio Raciti intende\u00a0entrare nel vivo della preparazione.<br \/>\nVenerd\u00ec 18 Agosto Pistunina &#8211; Gescal alle 15.30 (Al &#8220;Messina Sud&#8221;, anzich\u00e9 come inizialmente previsto sul campo della formazione avversaria)<br \/>\nSabato 19 Agosto\u00a0Messina Sud &#8211; Pistunina ore 17<br \/>\n20 Agosto\u00a0Licata &#8211; Pistunina ore 16.30 (nel glorioso impianto del &#8220;Dino Liotta&#8221;).<\/span><\/p>\n<p style=\"text-align: justify\"><span style=\"font-family: 'times new roman' , 'serif'\">Quanto al campo d&#8217;allenamento, il Pistunina \u00e8 alla ricerca di un manto erboso: si sta valutando la soluzione\u00a0del campo in erba\u00a0del 24\u00b0Reggimento Artiglieria.<\/span><\/p>\n<p style=\"text-align: justify\"><em>\u00a0<\/em><\/p>\n<p> <\/p>\n","protected":false},"excerpt":{"rendered":"<p>Grande voglia di riscattare l&#8217;ultima balorda retrocessione, che brucia ancora sotto svariati aspetti, per mantenere sul campo il torneo calcistico di Eccellenza riconquistato tramite ripescaggio. E&#8217; quanto emerso durante la presentazione dell&#8217;Usd Pistunina edizione 2017\/18, ospitata nel tardo pomeriggio nella sala Vulcano dell&#8217;Hotel Europa. A fare da &#8220;Cicerone&#8221; il direttore sportivo Raimondo Mortelliti il quale, [&hellip;]<\/p>\n","protected":false},"author":9,"featured_media":6545,"comment_status":"closed","ping_status":"open","sticky":false,"template":"","format":"standard","meta":{"ub_ctt_via":"","_mi_skip_tracking":false},"categories":[10,9],"tags":[],"featured_image_src":"https:\/\/www.messinaoggi.it\/website\/wp-content\/uploads\/2017\/08\/DSCF7137-2.jpg","author_info":{"display_name":"Roberto Santoro","author_link":"https:\/\/www.messinaoggi.it\/website\/author\/r-santoro\/"},"digistream_id":0,"digistream":false,"_links":{"self":[{"href":"https:\/\/www.messinaoggi.it\/website\/wp-json\/wp\/v2\/posts\/6543"}],"collection":[{"href":"https:\/\/www.messinaoggi.it\/website\/wp-json\/wp\/v2\/posts"}],"about":[{"href":"https:\/\/www.messinaoggi.it\/website\/wp-json\/wp\/v2\/types\/post"}],"author":[{"embeddable":true,"href":"https:\/\/www.messinaoggi.it\/website\/wp-json\/wp\/v2\/users\/9"}],"replies":[{"embeddable":true,"href":"https:\/\/www.messinaoggi.it\/website\/wp-json\/wp\/v2\/comments?post=6543"}],"version-history":[{"count":0,"href":"https:\/\/www.messinaoggi.it\/website\/wp-json\/wp\/v2\/posts\/6543\/revisions"}],"wp:featuredmedia":[{"embeddable":true,"href":"https:\/\/www.messinaoggi.it\/website\/wp-json\/wp\/v2\/media\/6545"}],"wp:attachment":[{"href":"https:\/\/www.messinaoggi.it\/website\/wp-json\/wp\/v2\/media?parent=6543"}],"wp:term":[{"taxonomy":"category","embeddable":true,"href":"https:\/\/www.messinaoggi.it\/website\/wp-json\/wp\/v2\/categories?post=6543"},{"taxonomy":"post_tag","embeddable":true,"href":"https:\/\/www.messinaoggi.it\/website\/wp-json\/wp\/v2\/tags?post=6543"}],"curies":[{"name":"wp","href":"https:\/\/api.w.org\/{rel}","templated":true}]}}