{"id":65173,"date":"2021-05-20T10:04:33","date_gmt":"2021-05-20T08:04:33","guid":{"rendered":"http:\/\/www.messinaoggi.it\/website\/?p=65173"},"modified":"2021-05-20T10:04:34","modified_gmt":"2021-05-20T08:04:34","slug":"piemonte-senza-vaccini-utenti-rispediti-a-casa","status":"publish","type":"post","link":"https:\/\/www.messinaoggi.it\/website\/2021\/05\/20\/piemonte-senza-vaccini-utenti-rispediti-a-casa\/","title":{"rendered":"Piemonte senza vaccini, utenti rispediti a casa"},"content":{"rendered":"\n<p>Da quando \u00e8 partita la campagna vaccinazione in citt\u00e0 \u00e8 la prima volta che si registra la mancanza di sieri in uno dei centri abilitati. Gi\u00e0 ieri le dosi cominciavano a scarseggiare e qualche utente gi\u00e0 prenotato \u00e8 stato rispedito a casa.<div id=\"div-gpt-ad-Messinaoggi.it-DSK-300x250-corpoart\" style=\"text-align:center;margin:0 auto;\"><\/div><\/p>\n\n\n\n<p>Ma oggi la situazione \u00e8 decisamente peggiorata &#8211; come riferiscono alcuni medici del nosocomio cittadino &#8211; al punto che il centro vaccinale ha dovuto chiudere temporaneamente i battenti. Cosa sia accaduto non \u00e8 dato sapere, ma \u00e8 certo che la fornitura in questi ultimi giorni \u00e8 decisamente carente.<div id=\"videoincontent\" style=\"clear:both\";><\/div><\/p>\n\n\n\n<p>Intanto, dai rumors che si registrano nei corridoi del Piemonte di viale Europa, pare che il prossimo fine settimana il centro vaccinale dell&#8217;ospedale cittadino sar\u00e0 chiuso in via definitiva per traslocare il servizio a contrada Casazza. Ci\u00f2 determinerebbe innegabili disagi per i cittadini, soprattutto quelli che non sono muniti di autovetture.<\/p>\n\n\n\n<p>E&#8217; la prima crepa che si apre nell&#8217;ambito della campagna di vaccinazione di massa a Messina, la speranza &#8211; dicono gli stessi sanitari &#8211; \u00e8 che si tratti di un fatto episodico e che i problemi vengano risolti.<\/p>\n","protected":false},"excerpt":{"rendered":"<p>Da quando \u00e8 partita la campagna vaccinazione in citt\u00e0 \u00e8 la prima volta che si registra la mancanza di sieri in uno dei centri abilitati. Gi\u00e0 ieri le dosi cominciavano a scarseggiare e qualche utente gi\u00e0 prenotato \u00e8 stato rispedito a casa. Ma oggi la situazione \u00e8 decisamente peggiorata &#8211; come riferiscono alcuni medici del [&hellip;]<\/p>\n","protected":false},"author":2,"featured_media":1875,"comment_status":"open","ping_status":"open","sticky":false,"template":"","format":"standard","meta":{"ub_ctt_via":"","_mi_skip_tracking":false},"categories":[19],"tags":[1911,934,618],"featured_image_src":"https:\/\/www.messinaoggi.it\/website\/wp-content\/uploads\/2017\/06\/Ospedale-Piemonte-Irccs-Neurolesi-2.jpg","author_info":{"display_name":"Redazione","author_link":"https:\/\/www.messinaoggi.it\/website\/author\/redazione\/"},"digistream_id":0,"digistream":false,"_links":{"self":[{"href":"https:\/\/www.messinaoggi.it\/website\/wp-json\/wp\/v2\/posts\/65173"}],"collection":[{"href":"https:\/\/www.messinaoggi.it\/website\/wp-json\/wp\/v2\/posts"}],"about":[{"href":"https:\/\/www.messinaoggi.it\/website\/wp-json\/wp\/v2\/types\/post"}],"author":[{"embeddable":true,"href":"https:\/\/www.messinaoggi.it\/website\/wp-json\/wp\/v2\/users\/2"}],"replies":[{"embeddable":true,"href":"https:\/\/www.messinaoggi.it\/website\/wp-json\/wp\/v2\/comments?post=65173"}],"version-history":[{"count":1,"href":"https:\/\/www.messinaoggi.it\/website\/wp-json\/wp\/v2\/posts\/65173\/revisions"}],"predecessor-version":[{"id":65174,"href":"https:\/\/www.messinaoggi.it\/website\/wp-json\/wp\/v2\/posts\/65173\/revisions\/65174"}],"wp:featuredmedia":[{"embeddable":true,"href":"https:\/\/www.messinaoggi.it\/website\/wp-json\/wp\/v2\/media\/1875"}],"wp:attachment":[{"href":"https:\/\/www.messinaoggi.it\/website\/wp-json\/wp\/v2\/media?parent=65173"}],"wp:term":[{"taxonomy":"category","embeddable":true,"href":"https:\/\/www.messinaoggi.it\/website\/wp-json\/wp\/v2\/categories?post=65173"},{"taxonomy":"post_tag","embeddable":true,"href":"https:\/\/www.messinaoggi.it\/website\/wp-json\/wp\/v2\/tags?post=65173"}],"curies":[{"name":"wp","href":"https:\/\/api.w.org\/{rel}","templated":true}]}}